{"id":1529,"date":"2025-09-04T09:19:43","date_gmt":"2025-09-04T09:19:43","guid":{"rendered":"https:\/\/www.prevoir.pt\/bloguemomentus\/?p=1529"},"modified":"2026-03-31T12:44:54","modified_gmt":"2026-03-31T12:44:54","slug":"regresso-as-aulas","status":"publish","type":"post","link":"https:\/\/www.prevoir.pt\/bloguemomentus\/regresso-as-aulas\/","title":{"rendered":"Regresso \u00e0s aulas: Como preparar o or\u00e7amento e proteger o futuro dos filhos"},"content":{"rendered":"\n<h2 class=\"wp-block-heading\"><strong>Entre entusiasmo e contas a fazer<\/strong>&nbsp;<\/h2>\n\n\n\n<p>O m\u00eas de setembro traz consigo o som dos cadernos novos, a agita\u00e7\u00e3o das mochilas e o cheiro a livros acabados de estrear. \u00c9 o recome\u00e7o das rotinas escolares, das promessas de um novo ano e da esperan\u00e7a renovada no futuro dos nossos filhos.&nbsp;<\/p>\n\n\n\n<p>Mas para muitas fam\u00edlias, o regresso \u00e0s aulas \u00e9 tamb\u00e9m uma <strong>altura de press\u00e3o financeira<\/strong>, onde o or\u00e7amento familiar \u00e9 posto \u00e0 prova.&nbsp;<\/p>\n\n\n\n<h2 class=\"wp-block-heading\"><strong>Quanto custa educar um filho em Portugal?<\/strong>&nbsp;<\/h2>\n\n\n\n<p>Os estudos mostram que, em m\u00e9dia, uma fam\u00edlia portuguesa gasta entre<strong> 300 e 500\u20ac por crian\u00e7a<\/strong> no in\u00edcio do ano letivo. Estes valores abrangem material escolar, livros, roupa, refei\u00e7\u00f5es, transportes, atividades extracurriculares e, cada vez mais, equipamento tecnol\u00f3gico \u2014 como port\u00e1teis ou tablets.&nbsp;<\/p>\n\n\n\n<p>E isto apenas em setembro. Durante o ano, somam-se visitas de estudo, apoio escolar, refor\u00e7o alimentar e despesas inesperadas. Num contexto de infla\u00e7\u00e3o persistente, estas exig\u00eancias ganham um peso crescente nos or\u00e7amentos das fam\u00edlias portuguesas.&nbsp;<\/p>\n\n\n\n<h2 class=\"wp-block-heading\"><strong>Como gerir o or\u00e7amento do regresso \u00e0s aulas?<\/strong>&nbsp;<\/h2>\n\n\n\n<p>Gerir melhor come\u00e7a por planear com realismo. Um bom ponto de partida \u00e9 rever o que j\u00e1 existe em casa: mochilas em bom estado, roupas reaproveit\u00e1veis, livros passados de irm\u00e3o para irm\u00e3o. Estabelecer limites de despesa por categoria ajuda a evitar derrapagens, tal como antecipar compras e aproveitar campanhas escolares ainda em agosto.&nbsp;<\/p>\n\n\n\n<p>Envolver os filhos no processo tamb\u00e9m pode ser pedag\u00f3gico \u2014 explicar que h\u00e1 um or\u00e7amento definido e que ser\u00e1 necess\u00e1rio fazer escolhas. Assim, promovemos a literacia financeira desde cedo e ensinamos o valor de cada decis\u00e3o.&nbsp;<\/p>\n\n\n\n<figure class=\"wp-block-image size-large\"><img decoding=\"async\" src=\"https:\/\/www.prevoir.pt\/bloguemomentus\/wp-content\/uploads\/2025\/09\/close-up-multi-colored-pencils-table-1024x683.jpg\" alt=\"\" class=\"wp-image-1533\"\/><\/figure>\n\n\n\n<h2 class=\"wp-block-heading\"><strong>Educa\u00e7\u00e3o: despesa ou investimento?<\/strong>&nbsp;<\/h2>\n\n\n\n<p>Sim, educar uma crian\u00e7a custa dinheiro. Mas mais do que uma despesa, \u00e9 um investimento com impacto direto no futuro dos nossos filhos \u2014 e da sociedade.&nbsp;<\/p>\n\n\n\n<p>Segundo a <a href=\"https:\/\/www.oecd.org\/\" target=\"_blank\" rel=\"noopener\">OCDE<\/a>, jovens com ensino superior t\u00eam maiores n\u00edveis de empregabilidade, sal\u00e1rios mais elevados e mais capacidade cr\u00edtica. Investir em educa\u00e7\u00e3o \u00e9 investir em oportunidades.&nbsp;<\/p>\n\n\n\n<p>Mas para que este investimento aconte\u00e7a com continuidade, \u00e9 preciso <strong>planear a longo prazo<\/strong> \u2014 mesmo quando tudo parece estar a correr bem.&nbsp;<\/p>\n\n\n\n<h2 class=\"wp-block-heading\"><strong>O peso do ensino superior no or\u00e7amento familiar<\/strong>&nbsp;<\/h2>\n\n\n\n<p>Se o ensino b\u00e1sico e secund\u00e1rio s\u00e3o gratuitos, o mesmo j\u00e1 n\u00e3o se aplica ao ensino superior. Em m\u00e9dia, uma licenciatura em Portugal custa entre <strong>3.000\u20ac e 6.000\u20ac<\/strong> s\u00f3 em propinas, podendo ultrapassar os 20.000\u20ac com despesas como:&nbsp;<\/p>\n\n\n\n<ul class=\"wp-block-list\">\n<li>Alojamento ou resid\u00eancia universit\u00e1ria;&nbsp;<\/li>\n\n\n\n<li>Alimenta\u00e7\u00e3o e transportes;&nbsp;<\/li>\n\n\n\n<li>Material t\u00e9cnico e livros;&nbsp;<\/li>\n\n\n\n<li>Eventuais est\u00e1gios, cursos extra ou interc\u00e2mbios.&nbsp;<\/li>\n<\/ul>\n\n\n\n<p>Para muitas fam\u00edlias, suportar estes custos sem apoio externo pode ser invi\u00e1vel. \u00c9 aqui que entra a import\u00e2ncia de planear \u2014 e proteger \u2014 o percurso escolar com anteced\u00eancia.&nbsp;<\/p>\n\n\n\n<h2 class=\"wp-block-heading\"><strong>O que acontece se o imprevisto surgir?<\/strong>&nbsp;<\/h2>\n\n\n\n<p>Quando um pai ou m\u00e3e deixa de poder trabalhar, por doen\u00e7a ou acidente, ou em situa\u00e7\u00f5es mais graves como a morte, o impacto financeiro pode ser devastador. O percurso escolar do filho pode ficar comprometido \u2014 n\u00e3o por falta de talento ou vontade, mas por falta de condi\u00e7\u00f5es para prosseguir.&nbsp;<\/p>\n\n\n\n<p>\u00c9 por isso que proteger a educa\u00e7\u00e3o dos filhos n\u00e3o \u00e9 um luxo. \u00c9 uma decis\u00e3o consciente de responsabilidade e afeto.&nbsp;<\/p>\n\n\n\n<figure class=\"wp-block-image size-large\"><img decoding=\"async\" src=\"https:\/\/www.prevoir.pt\/bloguemomentus\/wp-content\/uploads\/2025\/09\/medium-shot-girl-learning-math-school-1024x683.jpg\" alt=\"\" class=\"wp-image-1534\"\/><\/figure>\n\n\n\n<h2 class=\"wp-block-heading\"><strong>O papel das fam\u00edlias monoparentais<\/strong>&nbsp;<\/h2>\n\n\n\n<p>Em Portugal, cerca de <strong>20% das fam\u00edlias com filhos s\u00e3o monoparentais<\/strong> \u2014 e a esmagadora maioria \u00e9 composta por m\u00e3es. Nestes contextos, qualquer quebra de rendimento pode p\u00f4r em causa despesas essenciais.&nbsp;<\/p>\n\n\n\n<p>Ter uma rede de apoio \u2014 emocional, pr\u00e1tica e financeira \u2014 torna-se vital. Solu\u00e7\u00f5es como a PR\u00c9VOIR Renda J\u00fanior oferecem uma <strong>camada de prote\u00e7\u00e3o acess\u00edvel e personalizada<\/strong>, ajudando estas fam\u00edlias a enfrentar o futuro com mais estabilidade.&nbsp;<\/p>\n\n\n\n<h2 class=\"wp-block-heading\"><strong><a href=\"https:\/\/www.prevoir.pt\/familia-prevoir-renda-junior\">PR\u00c9VOIR Renda J\u00fanior<\/a>: uma rede de apoio real para o futuro<\/strong>&nbsp;<\/h2>\n\n\n\n<p>A pensar nisto, a PR\u00c9VOIR criou o Renda J\u00fanior \u2014 um seguro pensado para quem quer garantir que os filhos continuem a estudar, mesmo se o inesperado acontecer.&nbsp;<\/p>\n\n\n\n<p>De forma simples, permite que um dos pais defina uma<strong> renda mensal <\/strong>(entre 200\u20ac e 500\u20ac), a ser paga ao filho durante 5, 8 ou 10 anos, caso venha a falecer ou a ficar em situa\u00e7\u00e3o de invalidez absoluta e definitiva.&nbsp;<\/p>\n\n\n\n<p><strong>As vantagens desta solu\u00e7\u00e3o s\u00e3o v\u00e1rias:&nbsp;<\/strong><\/p>\n\n\n\n<ul class=\"wp-block-list\">\n<li>As crian\u00e7as benefici\u00e1rias receber\u00e3o uma renda mensal at\u00e9&nbsp;500\u20ac e, ainda, um capital de 3.000\u20ac, em caso de Morte ou&nbsp;Invalidez Absoluta e Definitiva da pessoa segura.&nbsp;<\/li>\n\n\n\n<li>As rendas pagas beneficiar\u00e3o de uma revaloriza\u00e7\u00e3o anual de&nbsp;2% para acompanhar o custo de vida.<\/li>\n\n\n\n<li>Um subs\u00eddio di\u00e1rio de 50\u20ac ou 100\u20ac (garantia ITA), se um dos pais tiver de faltar ao trabalho para cuidar dos seus filhos.<\/li>\n\n\n\n<li>A renda ser\u00e1 paga \u00e0s crian\u00e7as durante 5, 8 ou 10 anos, independentemente da dura\u00e7\u00e3o do contrato<\/li>\n<\/ul>\n\n\n\n<p>Tudo isto com um valor mensal ajustado ao or\u00e7amento da fam\u00edlia \u2014 e com a tranquilidade de saber que os estudos do filho n\u00e3o ficar\u00e3o adiados por falta de apoio.&nbsp;<\/p>\n\n\n\n<h2 class=\"wp-block-heading\"><strong>Tr\u00eas raz\u00f5es para proteger a educa\u00e7\u00e3o do seu filho<\/strong>&nbsp;<\/h2>\n\n\n\n<ol start=\"1\" class=\"wp-block-list\">\n<li>Porque <strong>imprevistos acontecem<\/strong> \u2014 e o percurso escolar n\u00e3o deve depender apenas da sorte.<\/li>\n\n\n\n<li>Porque <strong>pequenos valores mensais hoje<\/strong> podem traduzir-se em milhares de euros no futuro.&nbsp;<\/li>\n\n\n\n<li>Porque o maior legado que deixamos <strong>\u00e9 a liberdade de quem amamos continuar a crescer <\/strong>\u2014 com ou sem a nossa presen\u00e7a.&nbsp;<\/li>\n<\/ol>\n\n\n\n<h2 class=\"wp-block-heading\"><strong>Conclus\u00e3o: proteger os sonhos come\u00e7a com pequenas decis\u00f5es<\/strong>&nbsp;<\/h2>\n\n\n\n<p>O regresso \u00e0s aulas \u00e9 mais do que listas de material e compras apressadas. \u00c9 o in\u00edcio de um novo ciclo, cheio de esperan\u00e7a \u2014 mas tamb\u00e9m de responsabilidades.&nbsp;<\/p>\n\n\n\n<p>Educar \u00e9 construir futuro. E proteger essa constru\u00e7\u00e3o \u00e9 garantir que os sonhos dos filhos n\u00e3o dependem apenas da sorte ou da aus\u00eancia de imprevistos.&nbsp;<\/p>\n\n\n\n<p><strong><em>A <a href=\"https:\/\/www.prevoir.pt\/familia-prevoir-renda-junior\">PR\u00c9VOIR Renda J\u00fanior<\/a> existe para isso mesmo: para que, mesmo quando a vida surpreende, o que realmente importa continue a avan\u00e7ar.&nbsp;<\/em><\/strong><\/p>\n\n\n\n<p>Porque o maior investimento que podemos fazer\u2026 \u00e9 nas pessoas que amamos.<\/p>\n\n\n\n<div style=\"height:50px\" aria-hidden=\"true\" class=\"wp-block-spacer\"><\/div>\n\n\n\n<div class=\"wp-block-buttons is-content-justification-center is-layout-flex wp-container-core-buttons-is-layout-a89b3969 wp-block-buttons-is-layout-flex\">\n<div class=\"wp-block-button\"><a class=\"wp-block-button__link has-white-color has-text-color has-background has-link-color wp-element-button\" href=\"https:\/\/www.prevoir.pt\/pesquisa-de-mediadores-prevoir\" style=\"border-radius:4px;background-color:#c7114f\" target=\"_blank\" rel=\"noreferrer noopener\">FALAR COM MEDIADOR PR\u00c9VOIR<\/a><\/div>\n<\/div>\n\n\n\n<div style=\"height:50px\" aria-hidden=\"true\" class=\"wp-block-spacer\"><\/div>\n\n\n\n<p><strong>A informa\u00e7\u00e3o contida neste artigo n\u00e3o dispensa a consulta da informa\u00e7\u00e3o pr\u00e9-contratual e contratual legalmente exigida.<\/strong><\/p>\n\n\n\n<p><\/p>\n","protected":false},"excerpt":{"rendered":"<p>Como planear o or\u00e7amento do regresso \u00e0s aulas e como proteger o futuro acad\u00e9mico dos seus filhos com o PR\u00c9VOIR Renda J\u00fanior.<\/p>\n","protected":false},"author":2,"featured_media":1531,"comment_status":"closed","ping_status":"closed","sticky":false,"template":"","format":"standard","meta":{"footnotes":""},"categories":[1,5],"tags":[64,65,44,66,67,68,69],"class_list":["post-1529","post","type-post","status-publish","format-standard","has-post-thumbnail","hentry","category-familia","category-poupanca","tag-educacao-financeira-familiar","tag-gerir-despesas-escolares","tag-orcamento-familiar","tag-poupanca-para-educacao","tag-prevoir-renda-junior","tag-regresso-as-aulas","tag-seguro-educacao"],"_links":{"self":[{"href":"https:\/\/www.prevoir.pt\/bloguemomentus\/wp-json\/wp\/v2\/posts\/1529","targetHints":{"allow":["GET"]}}],"collection":[{"href":"https:\/\/www.prevoir.pt\/bloguemomentus\/wp-json\/wp\/v2\/posts"}],"about":[{"href":"https:\/\/www.prevoir.pt\/bloguemomentus\/wp-json\/wp\/v2\/types\/post"}],"author":[{"embeddable":true,"href":"https:\/\/www.prevoir.pt\/bloguemomentus\/wp-json\/wp\/v2\/users\/2"}],"replies":[{"embeddable":true,"href":"https:\/\/www.prevoir.pt\/bloguemomentus\/wp-json\/wp\/v2\/comments?post=1529"}],"version-history":[{"count":1,"href":"https:\/\/www.prevoir.pt\/bloguemomentus\/wp-json\/wp\/v2\/posts\/1529\/revisions"}],"predecessor-version":[{"id":2450,"href":"https:\/\/www.prevoir.pt\/bloguemomentus\/wp-json\/wp\/v2\/posts\/1529\/revisions\/2450"}],"wp:featuredmedia":[{"embeddable":true,"href":"https:\/\/www.prevoir.pt\/bloguemomentus\/wp-json\/wp\/v2\/media\/1531"}],"wp:attachment":[{"href":"https:\/\/www.prevoir.pt\/bloguemomentus\/wp-json\/wp\/v2\/media?parent=1529"}],"wp:term":[{"taxonomy":"category","embeddable":true,"href":"https:\/\/www.prevoir.pt\/bloguemomentus\/wp-json\/wp\/v2\/categories?post=1529"},{"taxonomy":"post_tag","embeddable":true,"href":"https:\/\/www.prevoir.pt\/bloguemomentus\/wp-json\/wp\/v2\/tags?post=1529"}],"curies":[{"name":"wp","href":"https:\/\/api.w.org\/{rel}","templated":true}]}}