{"id":1549,"date":"2025-09-11T09:02:53","date_gmt":"2025-09-11T09:02:53","guid":{"rendered":"https:\/\/www.prevoir.pt\/bloguemomentus\/?p=1549"},"modified":"2026-03-31T12:44:47","modified_gmt":"2026-03-31T12:44:47","slug":"voltar-a-rotina","status":"publish","type":"post","link":"https:\/\/www.prevoir.pt\/bloguemomentus\/voltar-a-rotina\/","title":{"rendered":"Voltar \u00e0 rotina\u2026 com equil\u00edbrio: Como criar h\u00e1bitos saud\u00e1veis e sustent\u00e1veis no novo ano letivo"},"content":{"rendered":"\n<h2 class=\"wp-block-heading\"><strong>Setembro: o \u201cjaneiro\u201d do segundo semestre<\/strong>&nbsp;<\/h2>\n\n\n\n<p>H\u00e1 quem diga que o verdadeiro in\u00edcio do ano n\u00e3o \u00e9 janeiro\u2026 \u00e9 setembro.&nbsp;<br>Depois das f\u00e9rias de ver\u00e3o, dos dias sem horas marcadas, dos gelados ao lanche e das noites com filmes em fam\u00edlia, chega o momento de recome\u00e7ar: escola, trabalho, hor\u00e1rios, mochilas, agendas e despertadores.&nbsp;<\/p>\n\n\n\n<p>Mas este regresso n\u00e3o tem de ser ca\u00f3tico. Pelo contr\u00e1rio: pode ser vivido como uma oportunidade de <strong>rein\u00edcio com equil\u00edbrio<\/strong>, onde a rotina volta a ser aliada e n\u00e3o uma fonte de stress.&nbsp;<\/p>\n\n\n\n<h2 class=\"wp-block-heading\"><strong>O que significa ter uma rotina equilibrada?<\/strong>&nbsp;<\/h2>\n\n\n\n<p>Uma rotina equilibrada n\u00e3o \u00e9 uma agenda cheia nem uma corrida contra o tempo.&nbsp;<br>\u00c9 uma estrutura adaptada \u00e0 realidade de cada fam\u00edlia, que respeita o descanso, a alimenta\u00e7\u00e3o, a conviv\u00eancia, o tempo livre e o foco. \u00c9 aquela em que os dias fluem com prop\u00f3sito \u2014 e n\u00e3o em piloto autom\u00e1tico.&nbsp;<\/p>\n\n\n\n<p>Mais importante: \u00e9 realista. N\u00e3o exige perfei\u00e7\u00e3o, mas sim <strong>consist\u00eancia com flexibilidade.<\/strong>&nbsp;<\/p>\n\n\n\n<h2 class=\"wp-block-heading\"><strong>Regressar com leveza \u00e9 essencial<\/strong>&nbsp;<\/h2>\n\n\n\n<p>O in\u00edcio do ano letivo pode ser exigente: h\u00e1 livros para comprar, material para organizar, lancheiras para preparar e rotinas de sono a reajustar. Neste cen\u00e1rio, muitos pais sentem-se exaustos logo na primeira semana.&nbsp;<\/p>\n\n\n\n<p>Mas o segredo est\u00e1 em voltar com <strong>leveza, inten\u00e7\u00e3o e participa\u00e7\u00e3o.<\/strong>&nbsp;<br>Incluir todos os membros da fam\u00edlia, ajustar gradualmente os hor\u00e1rios e promover momentos de conex\u00e3o podem transformar a rotina num espa\u00e7o de seguran\u00e7a \u2014 especialmente para os mais novos.&nbsp;<\/p>\n\n\n\n<h2 class=\"wp-block-heading\"><strong>5 \u00e1reas-chave para trabalhar em setembro<\/strong>&nbsp;<\/h2>\n\n\n\n<p><strong>1. Sono<\/strong>&nbsp;<\/p>\n\n\n\n<ul class=\"wp-block-list\">\n<li>Reajustar o hor\u00e1rio do sono \u00e9 essencial. As crian\u00e7as precisam, em m\u00e9dia, de 9 a 11 horas de sono por noite.&nbsp;<\/li>\n\n\n\n<li>Voltar a hor\u00e1rios consistentes uma semana antes das aulas ajuda o corpo a adaptar-se sem sobressaltos.&nbsp;<\/li>\n<\/ul>\n\n\n\n<p><strong>2. Alimenta\u00e7\u00e3o<\/strong>&nbsp;<\/p>\n\n\n\n<ul class=\"wp-block-list\">\n<li>Depois dos excessos do ver\u00e3o, \u00e9 importante reequilibrar a alimenta\u00e7\u00e3o: refei\u00e7\u00f5es mais regulares que incluam vegetais, fruta fresca, \u00e1gua e menos processados.&nbsp;&nbsp;<\/li>\n\n\n\n<li>O planeamento das refei\u00e7\u00f5es semanais pode ser um excelente aliado da organiza\u00e7\u00e3o familiar, poupando tempo, dinheiro e stress ao longo da semana.&nbsp;<\/li>\n\n\n\n<li>Envolver os mais novos na prepara\u00e7\u00e3o das refei\u00e7\u00f5es \u2014 mesmo que seja apenas escolher a fruta ou mexer a massa \u2014 \u00e9 uma \u00f3tima forma de passar tempo juntos e desenvolver h\u00e1bitos alimentares saud\u00e1veis.&nbsp;<\/li>\n<\/ul>\n\n\n\n<p><strong>3. Tempo de ecr\u00e3<\/strong>&nbsp;<\/p>\n\n\n\n<ul class=\"wp-block-list\">\n<li>Durante as f\u00e9rias, \u00e9 comum que se abuse dos ecr\u00e3s \u2014 seja para entreter as crian\u00e7as, dar um tempo aos pais ou simplesmente ocupar o tempo livre. Telem\u00f3veis, consolas, televis\u00e3o\u2026 tudo tende a ser usado em excesso \u2014 e por isso mesmo, o regresso \u00e0 rotina \u00e9 a altura certa para redefinir limites.&nbsp;<\/li>\n\n\n\n<li>Estabelecer hor\u00e1rios claros para a utiliza\u00e7\u00e3o de tecnologia \u00e9 um passo essencial, mas mais do que limitar, importa ensinar a us\u00e1-la de forma consciente, ajudando os mais novos a desenvolver autonomia e responsabilidade digital.&nbsp;<\/li>\n<\/ul>\n\n\n\n<p><strong>4. Estudo e responsabilidade<\/strong>&nbsp;<\/p>\n\n\n\n<ul class=\"wp-block-list\">\n<li>Preparar o ambiente de estudo \u2014 com luz, sil\u00eancio e organiza\u00e7\u00e3o \u2014 contribui para melhores resultados.&nbsp;&nbsp;<\/li>\n\n\n\n<li>Criar hor\u00e1rios fixos para trabalhos de casa evita a procrastina\u00e7\u00e3o e reduz conflitos.&nbsp;<\/li>\n<\/ul>\n\n\n\n<p><strong>5. Tempo de qualidade<\/strong>&nbsp;<\/p>\n\n\n\n<ul class=\"wp-block-list\">\n<li>A rotina n\u00e3o deve ser s\u00f3 \u201ctarefas\u201d. Mesmo nos dias cheios, reservar tempo para rir, conversar, jantar juntos ou dar um passeio ao fim do dia, refor\u00e7a la\u00e7os e previne o cansa\u00e7o emocional.&nbsp;<\/li>\n<\/ul>\n\n\n\n<div style=\"height:50px\" aria-hidden=\"true\" class=\"wp-block-spacer\"><\/div>\n\n\n\n<figure class=\"wp-block-image size-large\"><img fetchpriority=\"high\" decoding=\"async\" width=\"1024\" height=\"683\" src=\"https:\/\/www.prevoir.pt\/bloguemomentuswp-content\/uploads\/2025\/09\/pexels-olia-danilevich-5088192-scaled-1-1024x683.jpg\" alt=\"rotina\" class=\"wp-image-1556\" srcset=\"https:\/\/www.prevoir.pt\/bloguemomentus\/wp-content\/uploads\/2025\/09\/pexels-olia-danilevich-5088192-scaled-1-1024x683.jpg 1024w, https:\/\/www.prevoir.pt\/bloguemomentus\/wp-content\/uploads\/2025\/09\/pexels-olia-danilevich-5088192-scaled-1-300x200.jpg 300w, https:\/\/www.prevoir.pt\/bloguemomentus\/wp-content\/uploads\/2025\/09\/pexels-olia-danilevich-5088192-scaled-1-768x512.jpg 768w, https:\/\/www.prevoir.pt\/bloguemomentus\/wp-content\/uploads\/2025\/09\/pexels-olia-danilevich-5088192-scaled-1-1536x1024.jpg 1536w, https:\/\/www.prevoir.pt\/bloguemomentus\/wp-content\/uploads\/2025\/09\/pexels-olia-danilevich-5088192-scaled-1-2048x1366.jpg 2048w\" sizes=\"(max-width: 1024px) 100vw, 1024px\" \/><\/figure>\n\n\n\n<h2 class=\"wp-block-heading\"><strong>Rotinas para todas as idades<\/strong>&nbsp;<\/h2>\n\n\n\n<ul class=\"wp-block-list\">\n<li><strong>As crian\u00e7as em idade pr\u00e9-escolar devem <\/strong>beneficiar de hor\u00e1rios consistentes, pequenas tarefas dom\u00e9sticas, rituais de sono e refei\u00e7\u00f5es em hor\u00e1rios regulares, pois estas rotinas simples ajudam a criar seguran\u00e7a, previsibilidade e maior autonomia desde cedo.&nbsp;<\/li>\n\n\n\n<li><strong>As crian\u00e7as do 1.\u00ba ciclo <\/strong>precisam de um incentivo \u00e0 autonomia: arrumar a mochila, preparar o lanche, ter hor\u00e1rio para estudarem e, acima de tudo, para brincarem.&nbsp;<\/li>\n\n\n\n<li><strong>Os adolescentes <\/strong>beneficiam de envolvimento nas decis\u00f5es, mas com limites bem definidos: tempo de ecr\u00e3, refei\u00e7\u00f5es em fam\u00edlia, tarefas partilhadas.&nbsp;<\/li>\n\n\n\n<li><strong>Os adultos <\/strong>n\u00e3o devem esquecer de cuidar de si: dormir 8 horas, evitar o multitasking, fazer pausas no trabalho e procurar momentos de lazer real.&nbsp;<\/li>\n<\/ul>\n\n\n\n<p><em>Uma rotina para todos traz previsibilidade, reduz o stress e contribui para uma casa mais harmoniosa.<\/em>&nbsp;<\/p>\n\n\n\n<h2 class=\"wp-block-heading\"><strong>O poder das rotinas em fam\u00edlia<\/strong>&nbsp;<\/h2>\n\n\n\n<p>Criar e manter h\u00e1bitos <strong>n\u00e3o precisa de ser uma tarefa solit\u00e1ria<\/strong>. Quando a fam\u00edlia inteira participa \u2014 com di\u00e1logo, acordos e rituais partilhados \u2014 a ades\u00e3o \u00e9 mais f\u00e1cil e os resultados mais consistentes.&nbsp;<\/p>\n\n\n\n<p><strong>Ter rotinas familiares ajuda a:&nbsp;<\/strong><\/p>\n\n\n\n<ul class=\"wp-block-list\">\n<li>Reduzir a ansiedade nas crian\u00e7as;&nbsp;<\/li>\n\n\n\n<li>Aumentar a sensa\u00e7\u00e3o de seguran\u00e7a;&nbsp;<\/li>\n\n\n\n<li>Melhorar a conviv\u00eancia;&nbsp;<\/li>\n\n\n\n<li>Promover autonomia e responsabilidade.&nbsp;<\/li>\n<\/ul>\n\n\n\n<p><strong>O desafio dos 21 dias: passo a passo<\/strong>&nbsp;<\/p>\n\n\n\n<p>Dizem que s\u00e3o necess\u00e1rios <strong>21 dias para criar um novo h\u00e1bito.<\/strong>&nbsp;<br>Aproveitando essa ideia, propomos um desafio simples e divertido: <strong>uma pequena mudan\u00e7a por semana<\/strong>, com metas claras e acompanhamento familiar.&nbsp;<\/p>\n\n\n\n<p><strong>Semana 1: \u201cDormir bem \u00e9 viver melhor\u201d<\/strong>&nbsp;<\/p>\n\n\n\n<ul class=\"wp-block-list\">\n<li>Estabelecer uma hora fixa para deitar e acordar;&nbsp;<\/li>\n\n\n\n<li>Criar um ritual relaxante (banho quente, hist\u00f3ria, m\u00fasica);&nbsp;<\/li>\n\n\n\n<li>Desligar ecr\u00e3s 1h antes de dormir.&nbsp;<\/li>\n<\/ul>\n\n\n\n<p><strong>Semana 2: \u201cComer com mais cor\u201d<\/strong>&nbsp;<\/p>\n\n\n\n<ul class=\"wp-block-list\">\n<li>Incluir fruta ou legumes em todas as refei\u00e7\u00f5es principais;&nbsp;<\/li>\n\n\n\n<li>Cozinhar uma receita nova e saud\u00e1vel em conjunto;&nbsp;<\/li>\n\n\n\n<li>Criar lanches para a escola com ajuda dos filhos.&nbsp;<\/li>\n<\/ul>\n\n\n\n<p><strong>Semana 3: \u201cMenos ecr\u00e3s, mais presen\u00e7a\u201d<\/strong>&nbsp;<\/p>\n\n\n\n<ul class=\"wp-block-list\">\n<li>Definir hor\u00e1rios sem tecnologia em casa (ex: refei\u00e7\u00f5es, 1h antes de dormir);&nbsp;<\/li>\n\n\n\n<li>Fazer uma atividade por dia em fam\u00edlia (sem ecr\u00e3): jogo, caminhada, leitura;&nbsp;<\/li>\n\n\n\n<li>Criar um \u201cpote de ideias\u201d com sugest\u00f5es simples para usar no tempo livre. \u2014 como fazer um puzzle em conjunto, construir um forte com almofadas, preparar um lanche especial, sair para uma caminhada, jogar \u00e0s cartas ou fazer um quiz em fam\u00edlia.&nbsp;<\/li>\n<\/ul>\n\n\n\n<p><em>No fim dos 21 dias, celebrar as conquistas: jantar especial, diploma simb\u00f3lico ou apenas um momento em conjunto para reconhecer o esfor\u00e7o de todos.<\/em>&nbsp;<\/p>\n\n\n\n<div style=\"height:50px\" aria-hidden=\"true\" class=\"wp-block-spacer\"><\/div>\n\n\n\n<figure class=\"wp-block-image size-large\"><img decoding=\"async\" width=\"1024\" height=\"683\" src=\"https:\/\/www.prevoir.pt\/bloguemomentus\/wp-content\/uploads\/2025\/09\/primos-passando-tempo-juntos-em-casa-e-tomando-cafe-da-manha-1024x683.jpg\" alt=\"\" class=\"wp-image-1552\" srcset=\"https:\/\/www.prevoir.pt\/bloguemomentus\/wp-content\/uploads\/2025\/09\/primos-passando-tempo-juntos-em-casa-e-tomando-cafe-da-manha-1024x683.jpg 1024w, https:\/\/www.prevoir.pt\/bloguemomentus\/wp-content\/uploads\/2025\/09\/primos-passando-tempo-juntos-em-casa-e-tomando-cafe-da-manha-300x200.jpg 300w, https:\/\/www.prevoir.pt\/bloguemomentus\/wp-content\/uploads\/2025\/09\/primos-passando-tempo-juntos-em-casa-e-tomando-cafe-da-manha-768x512.jpg 768w, https:\/\/www.prevoir.pt\/bloguemomentus\/wp-content\/uploads\/2025\/09\/primos-passando-tempo-juntos-em-casa-e-tomando-cafe-da-manha-1536x1024.jpg 1536w, https:\/\/www.prevoir.pt\/bloguemomentus\/wp-content\/uploads\/2025\/09\/primos-passando-tempo-juntos-em-casa-e-tomando-cafe-da-manha.jpg 1600w\" sizes=\"(max-width: 1024px) 100vw, 1024px\" \/><\/figure>\n\n\n\n<h2 class=\"wp-block-heading\"><strong>H\u00e1bitos individuais vs. h\u00e1bitos partilhados<\/strong>&nbsp;<\/h2>\n\n\n\n<p>Alguns h\u00e1bitos s\u00e3o pessoais: a hora de acordar, a forma como cada um se organiza. Mas muitos ganham for\u00e7a quando s\u00e3o partilhados em fam\u00edlia.&nbsp;<\/p>\n\n\n\n<p><strong>Por exemplo:&nbsp;<\/strong><\/p>\n\n\n\n<ul class=\"wp-block-list\">\n<li>Criar \u201ca manh\u00e3 sem correria\u201d \u00e9 um objetivo coletivo \u2014 e s\u00f3 resulta se todos colaborarem.&nbsp;<\/li>\n\n\n\n<li>Preparar lancheiras na noite anterior \u00e9 tarefa individual, mas com a ajuda dos pais ou irm\u00e3os mais velhos.&nbsp;<\/li>\n\n\n\n<li>Definir um \u201cdia sem ecr\u00e3s\u201d \u00e9 poss\u00edvel \u2014 se todos aderirem com boa disposi\u00e7\u00e3o.&nbsp;<\/li>\n<\/ul>\n\n\n\n<p><em>O segredo est\u00e1 no equil\u00edbrio entre autonomia e coopera\u00e7\u00e3o<\/em>.&nbsp;<\/p>\n\n\n\n<h2 class=\"wp-block-heading\"><strong>Benef\u00edcios comprovados de uma rotina saud\u00e1vel<\/strong>&nbsp;<\/h2>\n\n\n\n<p>Estudos internacionais indicam que <strong>rotinas familiares consistentes<\/strong> est\u00e3o associadas a:&nbsp;<\/p>\n\n\n\n<ul class=\"wp-block-list\">\n<li>Melhores resultados escolares;&nbsp;<\/li>\n\n\n\n<li>Redu\u00e7\u00e3o da ansiedade infantil;&nbsp;<\/li>\n\n\n\n<li>Melhores padr\u00f5es de sono e alimenta\u00e7\u00e3o;&nbsp;<\/li>\n\n\n\n<li>Mais autoestima e sentimento de perten\u00e7a.&nbsp;<\/li>\n<\/ul>\n\n\n\n<p>Al\u00e9m disso, ajudam a prevenir o <em>burnout <\/em>parental e o cansa\u00e7o cr\u00f3nico \u2014 ambos muito comuns em fam\u00edlias com agendas sobrecarregadas.&nbsp;<\/p>\n\n\n\n<h3 class=\"wp-block-heading\"><strong>Conclus\u00e3o: voltar \u00e0 rotina com inten\u00e7\u00e3o<\/strong>&nbsp;<\/h3>\n\n\n\n<p>Setembro \u00e9 mais do que o m\u00eas das mochilas e dos hor\u00e1rios. \u00c9 o<strong> momento ideal para recome\u00e7ar com clareza, equil\u00edbrio e esp\u00edrito de equipa.<\/strong>&nbsp;<\/p>\n\n\n\n<p>Uma rotina bem constru\u00edda n\u00e3o esgota \u2014 apoia.&nbsp;<br>N\u00e3o aprisiona \u2014 organiza.&nbsp;<br>E sobretudo, n\u00e3o tem de ser perfeita \u2014 apenas coerente e poss\u00edvel.&nbsp;<\/p>\n\n\n\n<p><em>Porque no fim, o que todos procuramos n\u00e3o \u00e9 fazer mais.<\/em>&nbsp;<br><em>\u00c9 viver melhor. Com mais tempo de qualidade, mais sa\u00fade e mais conex\u00e3o entre os membros da fam\u00edlia.<\/em>&nbsp;<\/p>\n","protected":false},"excerpt":{"rendered":"<p>Voltar \u00e0 rotina com inten\u00e7\u00e3o. Setembro \u00e9 o momento ideal para recome\u00e7ar com clareza, equil\u00edbrio e esp\u00edrito de equipa.<\/p>\n","protected":false},"author":2,"featured_media":1553,"comment_status":"closed","ping_status":"closed","sticky":false,"template":"","format":"standard","meta":{"footnotes":""},"categories":[1],"tags":[70,71,73,75,42,77,79,81,83],"class_list":["post-1549","post","type-post","status-publish","format-standard","has-post-thumbnail","hentry","category-familia","tag-alimentacao-equilibrada","tag-convivio-em-familia","tag-desafio-familiar","tag-equilibrio-familiar","tag-habitos-saudaveis","tag-novo-ano-letivo","tag-regresso-a-rotina","tag-sono-das-criancas","tag-tempo-de-ecra"],"_links":{"self":[{"href":"https:\/\/www.prevoir.pt\/bloguemomentus\/wp-json\/wp\/v2\/posts\/1549","targetHints":{"allow":["GET"]}}],"collection":[{"href":"https:\/\/www.prevoir.pt\/bloguemomentus\/wp-json\/wp\/v2\/posts"}],"about":[{"href":"https:\/\/www.prevoir.pt\/bloguemomentus\/wp-json\/wp\/v2\/types\/post"}],"author":[{"embeddable":true,"href":"https:\/\/www.prevoir.pt\/bloguemomentus\/wp-json\/wp\/v2\/users\/2"}],"replies":[{"embeddable":true,"href":"https:\/\/www.prevoir.pt\/bloguemomentus\/wp-json\/wp\/v2\/comments?post=1549"}],"version-history":[{"count":2,"href":"https:\/\/www.prevoir.pt\/bloguemomentus\/wp-json\/wp\/v2\/posts\/1549\/revisions"}],"predecessor-version":[{"id":2449,"href":"https:\/\/www.prevoir.pt\/bloguemomentus\/wp-json\/wp\/v2\/posts\/1549\/revisions\/2449"}],"wp:featuredmedia":[{"embeddable":true,"href":"https:\/\/www.prevoir.pt\/bloguemomentus\/wp-json\/wp\/v2\/media\/1553"}],"wp:attachment":[{"href":"https:\/\/www.prevoir.pt\/bloguemomentus\/wp-json\/wp\/v2\/media?parent=1549"}],"wp:term":[{"taxonomy":"category","embeddable":true,"href":"https:\/\/www.prevoir.pt\/bloguemomentus\/wp-json\/wp\/v2\/categories?post=1549"},{"taxonomy":"post_tag","embeddable":true,"href":"https:\/\/www.prevoir.pt\/bloguemomentus\/wp-json\/wp\/v2\/tags?post=1549"}],"curies":[{"name":"wp","href":"https:\/\/api.w.org\/{rel}","templated":true}]}}