{"id":2176,"date":"2021-07-19T10:31:40","date_gmt":"2021-07-19T10:31:40","guid":{"rendered":"https:\/\/www.prevoir.pt\/bloguemomentus\/?p=303"},"modified":"2026-03-25T10:28:12","modified_gmt":"2026-03-25T10:28:12","slug":"os-imprevistos-estao-em-todo-o-lado-mesmo-em-ferias","status":"publish","type":"post","link":"https:\/\/www.prevoir.pt\/bloguemomentus\/os-imprevistos-estao-em-todo-o-lado-mesmo-em-ferias\/","title":{"rendered":"Os imprevistos est\u00e3o em todo o lado&#8230;mesmo em f\u00e9rias"},"content":{"rendered":"\n<p class=\"has-medium-font-size\">Todos gostar\u00edamos de dar folga aos acontecimentos inesperados que, por vezes, acontecem na vida, mas a verdade \u00e9 que os imprevistos n\u00e3o tiram f\u00e9rias. Mesmo quando estamos de f\u00e9rias! Por isso, \u00e9 sempre bom acautelarmos, para n\u00e3o sermos apanhados desprevenidos.<\/p>\n\n\n\n<p>Quando chegam os meses de ver\u00e3o, a \u00e2nsia por uns dias relaxados em fam\u00edlia ou com amigos \u00e9 imensa. Semana ap\u00f3s semana, esta promessa de descanso \u00e9 o que nos vale nos momentos de mais trabalho. No entanto, a verdade \u00e9 que basta um pequeno deslize &#8211; fruto de algum imprevisto &#8211; e as f\u00e9rias ficam estragadas. Uma queda acidental, alergias, queimaduras s\u00e3o apenas alguns exemplos de cen\u00e1rios que podem ser uma realidade.<\/p>\n\n\n\n<p>Antever algumas situa\u00e7\u00f5es, \u00e9 um bom caminho para se sentir seguro. E esta prepara\u00e7\u00e3o come\u00e7a, desde logo, no momento de fazer a mala de viagem e estende-se aos comportamentos que vamos tendo ao longo dos v\u00e1rios dias de f\u00e9rias.&nbsp;<\/p>\n\n\n\n<p>1.Inclua um <strong>Kit de Primeiros Socorros<\/strong> que seja compacto para o poder acompanhar durante os dias de descanso. No entanto, conv\u00e9m que inclua objetos fundamentais para ter \u00e0 m\u00e3o numa situa\u00e7\u00e3o de queda acidental, queimadura ou pequeno entorse.<\/p>\n\n\n\n<p>2.Leve um <strong>repelente de insetos<\/strong> e tenha-o consigo, se o destino for prop\u00edcio a este tipo de contexto.<\/p>\n\n\n\n<p>3.Para qualquer eventualidade, tenha a certeza que tem sempre o seu <strong>telem\u00f3vel carregado. <\/strong>Por isso, poder\u00e1 ser importante levar uma <em>Powerbank<\/em> para garantir que nunca fica sem meio de comunica\u00e7\u00e3o.<\/p>\n\n\n\n<p>4.Prepare uma bolsa com <strong>medica\u00e7\u00e3o de emerg\u00eancia<\/strong> para as situa\u00e7\u00f5es mais comuns tais como dor, febre, enjoos ou v\u00f3mitos.<\/p>\n\n\n\n<p>5.Se for para um destino de f\u00e9rias que inclua caminhadas em locais de dif\u00edcil acesso, <strong>leve cal\u00e7ado adequado<\/strong> \u2013 para evitar quedas acidentais.<\/p>\n\n\n\n<p>6.Tenha cuidado comos<strong> alimentos<\/strong> que possam ter mais propens\u00e3o para causar <strong>intoxica\u00e7\u00f5es alimentares<\/strong>. Por exemplo, peixes que n\u00e3o estejam acondicionados, de forma adequada s\u00e3o um enorme risco.<\/p>\n\n\n\n<p>7.No mar, principalmente se for para o sul de Portugal, onde h\u00e1 diversos <strong>avistamentos de medusas<\/strong>, tenha cuidado. Se as avistar ou se tiver essa informa\u00e7\u00e3o da presen\u00e7a de alforrecas na \u00e1gua, saia imediatamente do mar e, em momento algum, toque nelas!<\/p>\n\n\n\n<h2 class=\"wp-block-heading\"><strong>&nbsp;E com os mais pequenos, como acautelar os contratempos<\/strong><\/h2>\n\n\n\n<p>Se vai de f\u00e9rias com crian\u00e7as, a possibilidade de acontecerem alguns eventos inesperados \u00e9, ainda, maior. N\u00e3o \u00e9 poss\u00edvel garantir a 100% que nada acontece, mas h\u00e1 formas de tentar amenizar as situa\u00e7\u00f5es.<\/p>\n\n\n\n<p>1.N\u00e3o se esque\u00e7a de levar a <strong>medica\u00e7\u00e3o habitual <\/strong>dos mais pequenos;<\/p>\n\n\n\n<p>2.O <strong>sol tem tanto de bom como de perigoso<\/strong>. Por isso, toda a cautela \u00e9 pouca. Evite a exposi\u00e7\u00e3o solar entre as 11h e as 16h e leve consigo:<\/p>\n\n\n\n<ul class=\"wp-block-list\">\n<li>Um bom protetor solar, com fator de prote\u00e7\u00e3o total;<\/li>\n\n\n\n<li>Chap\u00e9u de abas largas;<\/li>\n\n\n\n<li>\u00d3culos de sol;<\/li>\n\n\n\n<li>Guarda-sol ou tenda.<\/li>\n<\/ul>\n\n\n\n<p>3.Outro aspeto importante \u00e9 a <strong>vigil\u00e2ncia dos mais pequenos durante as f\u00e9rias<\/strong>. Para que todos possam relaxar, organize-se com as pessoas que partilhar\u00e3o a viagem, de modo a que seja poss\u00edvel ter os mais pequenos sempre acompanhados.<\/p>\n\n\n\n<p>4.Identifique as suas crian\u00e7as com a <strong><u><a href=\"https:\/\/estouaqui.mai.gov.pt\/Pages\/Home.htm\" target=\"_blank\" rel=\"noreferrer noopener\">pulseira \u201cEstou Aqui\u201d.<\/a><\/u><\/strong> Esta ideia da Pol\u00edcia de Seguran\u00e7a P\u00fablica permite que, numa situa\u00e7\u00e3o de desaparecimento, a crian\u00e7a possa ter consigo todos os contactos dos seus progenitores.<\/p>\n\n\n\n<p>5.N\u00e3o descure a <strong>hidrata\u00e7\u00e3o<\/strong>, refor\u00e7ando a necessidade de beber nos dias de maior calor.<\/p>\n\n\n\n<h2 class=\"wp-block-heading\"><strong>E se algum imprevisto acontecer, como reagir?<\/strong><\/h2>\n\n\n\n<p>Dependendo da gravidade da situa\u00e7\u00e3o, \u00e9 aconselh\u00e1vel ter sempre o contacto de um <strong>m\u00e9dico na regi\u00e3o<\/strong> e tomar conhecimento do local onde se encontra o <strong>hospital com urg\u00eancias mais pr\u00f3ximo<\/strong> do seu destino de f\u00e9rias. Tenha, tamb\u00e9m, consigo as informa\u00e7\u00f5es principais das suas ap\u00f3lices de <strong>seguro<\/strong>. Um <strong>seguro de assist\u00eancia em viagem<\/strong>, um <strong><u><a href=\"https:\/\/www.prevoir.pt\/familia\" target=\"_blank\" rel=\"noreferrer noopener\">seguro de vida<\/a><\/u><\/strong>, um <strong>seguro de acidentes pessoais<\/strong> e um <strong><u><a href=\"https:\/\/www.prevoir.pt\/saude\" target=\"_blank\" rel=\"noreferrer noopener\">seguro de sa\u00fade<\/a><\/u><\/strong> s\u00e3o a prote\u00e7\u00e3o adequada para estar prevenido na grande maioria das situa\u00e7\u00f5es.<\/p>\n\n\n\n<p>Agora, que tudo est\u00e1 preparado para ir de f\u00e9rias com serenidade, aproveite ao m\u00e1ximo uns dias de descanso! \ud83d\ude42 <\/p>\n","protected":false},"excerpt":{"rendered":"<p>Imprevistos em f\u00e9rias s\u00e3o mais comuns do que parecem! Por isso, \u00e9 sempre bom acautelarmos, para n\u00e3o sermos apanhados desprevenidos&#8230;<\/p>\n","protected":false},"author":2,"featured_media":1201,"comment_status":"closed","ping_status":"closed","sticky":false,"template":"","format":"standard","meta":{"footnotes":""},"categories":[1],"tags":[22],"class_list":["post-2176","post","type-post","status-publish","format-standard","has-post-thumbnail","hentry","category-familia","tag-seguranca"],"_links":{"self":[{"href":"https:\/\/www.prevoir.pt\/bloguemomentus\/wp-json\/wp\/v2\/posts\/2176","targetHints":{"allow":["GET"]}}],"collection":[{"href":"https:\/\/www.prevoir.pt\/bloguemomentus\/wp-json\/wp\/v2\/posts"}],"about":[{"href":"https:\/\/www.prevoir.pt\/bloguemomentus\/wp-json\/wp\/v2\/types\/post"}],"author":[{"embeddable":true,"href":"https:\/\/www.prevoir.pt\/bloguemomentus\/wp-json\/wp\/v2\/users\/2"}],"replies":[{"embeddable":true,"href":"https:\/\/www.prevoir.pt\/bloguemomentus\/wp-json\/wp\/v2\/comments?post=2176"}],"version-history":[{"count":1,"href":"https:\/\/www.prevoir.pt\/bloguemomentus\/wp-json\/wp\/v2\/posts\/2176\/revisions"}],"predecessor-version":[{"id":2615,"href":"https:\/\/www.prevoir.pt\/bloguemomentus\/wp-json\/wp\/v2\/posts\/2176\/revisions\/2615"}],"wp:featuredmedia":[{"embeddable":true,"href":"https:\/\/www.prevoir.pt\/bloguemomentus\/wp-json\/wp\/v2\/media\/1201"}],"wp:attachment":[{"href":"https:\/\/www.prevoir.pt\/bloguemomentus\/wp-json\/wp\/v2\/media?parent=2176"}],"wp:term":[{"taxonomy":"category","embeddable":true,"href":"https:\/\/www.prevoir.pt\/bloguemomentus\/wp-json\/wp\/v2\/categories?post=2176"},{"taxonomy":"post_tag","embeddable":true,"href":"https:\/\/www.prevoir.pt\/bloguemomentus\/wp-json\/wp\/v2\/tags?post=2176"}],"curies":[{"name":"wp","href":"https:\/\/api.w.org\/{rel}","templated":true}]}}