{"id":2197,"date":"2022-02-18T12:29:04","date_gmt":"2022-02-18T12:29:04","guid":{"rendered":"https:\/\/www.prevoir.pt\/bloguemomentus\/?p=473"},"modified":"2026-03-25T10:23:51","modified_gmt":"2026-03-25T10:23:51","slug":"acidentes-domesticos-como-estar-em-alerta","status":"publish","type":"post","link":"https:\/\/www.prevoir.pt\/bloguemomentus\/acidentes-domesticos-como-estar-em-alerta\/","title":{"rendered":"Acidentes dom\u00e9sticos \u2013 Como estar em alerta"},"content":{"rendered":"\n<p class=\"has-medium-font-size\">O lar \u00e9 um dos locais onde as pessoas se sentem melhor mas \u00e9, tamb\u00e9m, um dos lugares onde \u00e9 mais comum ocorrer um acidente inesperado. Por isso, toda a cautela \u00e9 pouca!<\/p>\n\n\n\n<p>Nada se equipara \u00e0 sensa\u00e7\u00e3o de chegar a casa. Este \u00e9 o local onde a grande maioria das pessoas se sente mais segura e confort\u00e1vel. No entanto, as estat\u00edsticas demonstram, tamb\u00e9m, que \u00e9 um dos espa\u00e7os onde mais epis\u00f3dios inesperados de acidente acontecem. Segundo dados do sistema EVITA, publicados em 2019, <strong>cerca de metade dos acidentes dom\u00e9sticos com necessidade de <\/strong>&nbsp;utiliza\u00e7\u00e3o do servi\u00e7o de urg\u00eancia (45%) ocorre em casa. Parece incr\u00edvel, mas a verdade \u00e9 que quando estamos menos em alerta, basta uma pequena distra\u00e7\u00e3o para uma queda, que pode colocar em risco a nossa integridade f\u00edsica.<\/p>\n\n\n\n<p>Os mais novos e os s\u00e9niores s\u00e3o os dois grandes grupos de risco nos acidentes dom\u00e9sticos. Os primeiros pela curiosidade incessante em descobrir novas aventuras em todas as a\u00e7\u00f5es do quotidiano \u2013 desconhecendo a no\u00e7\u00e3o de perigo -, os segundos porque com o avan\u00e7ar da idade a mobilidade torna-se um desafio.<\/p>\n\n\n\n<p><strong>Estar vigilante<\/strong> nas principais divis\u00f5es de casa e antever alguns dos perigos \u00e9 a melhor forma de estar em alerta e acautelar imprevistos!<\/p>\n\n\n\n<p><strong>NA COZINHA<\/strong><\/p>\n\n\n\n<ul class=\"wp-block-list\"><li>Tenha especial aten\u00e7\u00e3o no manuseamento de facas ou de pequenos eletrodom\u00e9sticos el\u00e9tricos.<\/li><li>Nunca deixe as panelas ao lume sem supervis\u00e3o.<\/li><li>Verifique sempre a temperatura da comida com cautela, principalmente se usar o micro-ondas para aquecer as refei\u00e7\u00f5es. O aquecimento neste tipo de eletrodom\u00e9stico n\u00e3o \u00e9 uniforme.<\/li><li>No fog\u00e3o, coloque sempre os cabos para o interior do equipamento, para evitar derramar a comida.<\/li><\/ul>\n\n\n\n<p><strong>NOS ESPA\u00c7OS COMUNS<\/strong><\/p>\n\n\n\n<ul class=\"wp-block-list\"><li>Escolha um local elevado para guardar os medicamentos.<\/li><li>Proteja as tomadas e os objetos pontiagudos, especialmente se tem crian\u00e7as pequenas em casa.<\/li><li>Verifique as extremidades de tapetes e carpetes, para garantir que se encontram bem colocadas no ch\u00e3o.<\/li><li>Se a habita\u00e7\u00e3o tem escadas, coloque sempre um corrim\u00e3o para auxiliar as subidas e descidas.<\/li><\/ul>\n\n\n\n<p><strong>NOS ARRANJOS DOM\u00c9STICOS DI\u00c1RIOS<\/strong><\/p>\n\n\n\n<ul class=\"wp-block-list\"><li>Em repara\u00e7\u00f5es el\u00e9tricas desligue \u2013 sempre, e sem exce\u00e7\u00e3o \u2013 o quadro el\u00e9trico.<\/li><li>Nas pequenas tarefas do dia a dia, tenha cuidado ao realizar estas atividades, pois h\u00e1 o perigo de queda.&nbsp;<\/li><\/ul>\n\n\n\n<p><strong>NOS ESPA\u00c7OS EXTERIORES<\/strong><\/p>\n\n\n\n<ul class=\"wp-block-list\"><li>Se tem piscina e crian\u00e7as pequenas a frequentar a habita\u00e7\u00e3o, todo o per\u00edmetro deve ter uma veda\u00e7\u00e3o.<\/li><li>Pequenos desn\u00edveis no terreno devem ser bem identificados.<\/li><li>Ensinar a autonomia nas tarefas do dia a dia desde tenra idade, para que as crian\u00e7as cres\u00e7am com uma perspetiva clara de situa\u00e7\u00f5es de perigo e de como as prevenir.<\/li><\/ul>\n\n\n\n<h2 class=\"wp-block-heading\"><strong>Ter cautela, \u00e9 estar protegido nos momentos chave<\/strong><\/h2>\n\n\n\n<p>Face a esta perce\u00e7\u00e3o da necessidade de uma prote\u00e7\u00e3o simples e, ao mesmo tempo abrangente, surge o <strong><a href=\"https:\/\/www.prevoir.pt\/familia-prevoir-solucao-total\" target=\"_blank\" rel=\"noreferrer noopener\">Pr\u00e9voir Solu\u00e7\u00e3o Total<\/a><\/strong>, um seguro de vida focado na prote\u00e7\u00e3o di\u00e1ria, em caso de acidente ou doen\u00e7a. Um acidente dom\u00e9stico pode materializar-se em alguns dias de inatividade que, com este seguro, s\u00e3o alvo de pagamento de subs\u00eddio di\u00e1rio (de hospitaliza\u00e7\u00e3o ou de convalescen\u00e7a), com um valor di\u00e1rio definido, durante um determinado per\u00edodo de tempo.<\/p>\n\n\n\n<h2 class=\"wp-block-heading\"><strong>E n\u00e3o se esque\u00e7a&#8230;<\/strong><\/h2>\n\n\n\n<p>O risco est\u00e1 presente em qualquer lugar! Para al\u00e9m dos acidentes dom\u00e9sticos, nas pequenas desloca\u00e7\u00f5es do dia a dia ou nas atividades de lazer, um passo mal calculado e o azar aconte. E n\u00e3o necessita de viver perseguido por este receio, basta que fa\u00e7a as escolhas certas em termos de previd\u00eancia para garantir que, se um imprevisto ocorre, tem forma de poder manter a estabilidade financeira para recuperar e apoiar a sua fam\u00edlia.<\/p>\n\n\n\n<p>Entre em contacto com um dos agentes PR\u00c9VOIR e saiba como estar sereno no quotidiano, com um planeamento de seguros adequado \u00e0s suas necessidades. S\u00e3o <a href=\"https:\/\/www.prevoir.pt\/agencias\" target=\"_blank\" rel=\"noreferrer noopener\">16 ag\u00eancias<\/a> e 1250 mediadores espalhados por todo o pa\u00eds.<\/p>\n","protected":false},"excerpt":{"rendered":"<p>O lar \u00e9 um dos locais onde as pessoas se sentem melhor mas \u00e9 um dos lugares onde \u00e9 mais comum ocorrer um acidente inesperado. Cautela&#8230;<\/p>\n","protected":false},"author":2,"featured_media":1221,"comment_status":"closed","ping_status":"closed","sticky":false,"template":"","format":"standard","meta":{"footnotes":""},"categories":[1,6],"tags":[21,22],"class_list":["post-2197","post","type-post","status-publish","format-standard","has-post-thumbnail","hentry","category-familia","category-seguranca","tag-acidentes-pessoais","tag-seguranca"],"_links":{"self":[{"href":"https:\/\/www.prevoir.pt\/bloguemomentus\/wp-json\/wp\/v2\/posts\/2197","targetHints":{"allow":["GET"]}}],"collection":[{"href":"https:\/\/www.prevoir.pt\/bloguemomentus\/wp-json\/wp\/v2\/posts"}],"about":[{"href":"https:\/\/www.prevoir.pt\/bloguemomentus\/wp-json\/wp\/v2\/types\/post"}],"author":[{"embeddable":true,"href":"https:\/\/www.prevoir.pt\/bloguemomentus\/wp-json\/wp\/v2\/users\/2"}],"replies":[{"embeddable":true,"href":"https:\/\/www.prevoir.pt\/bloguemomentus\/wp-json\/wp\/v2\/comments?post=2197"}],"version-history":[{"count":1,"href":"https:\/\/www.prevoir.pt\/bloguemomentus\/wp-json\/wp\/v2\/posts\/2197\/revisions"}],"predecessor-version":[{"id":2592,"href":"https:\/\/www.prevoir.pt\/bloguemomentus\/wp-json\/wp\/v2\/posts\/2197\/revisions\/2592"}],"wp:featuredmedia":[{"embeddable":true,"href":"https:\/\/www.prevoir.pt\/bloguemomentus\/wp-json\/wp\/v2\/media\/1221"}],"wp:attachment":[{"href":"https:\/\/www.prevoir.pt\/bloguemomentus\/wp-json\/wp\/v2\/media?parent=2197"}],"wp:term":[{"taxonomy":"category","embeddable":true,"href":"https:\/\/www.prevoir.pt\/bloguemomentus\/wp-json\/wp\/v2\/categories?post=2197"},{"taxonomy":"post_tag","embeddable":true,"href":"https:\/\/www.prevoir.pt\/bloguemomentus\/wp-json\/wp\/v2\/tags?post=2197"}],"curies":[{"name":"wp","href":"https:\/\/api.w.org\/{rel}","templated":true}]}}