{"id":2199,"date":"2022-03-11T17:46:10","date_gmt":"2022-03-11T17:46:10","guid":{"rendered":"https:\/\/www.prevoir.pt\/bloguemomentus\/?p=491"},"modified":"2026-03-25T10:23:32","modified_gmt":"2026-03-25T10:23:32","slug":"10-estrategias-para-aumentar-a-memoria","status":"publish","type":"post","link":"https:\/\/www.prevoir.pt\/bloguemomentus\/10-estrategias-para-aumentar-a-memoria\/","title":{"rendered":"10 estrat\u00e9gias para aumentar a mem\u00f3ria"},"content":{"rendered":"\n<p class=\"has-medium-font-size\">Quantas vezes j\u00e1 tentou lembrar-se de alguma coisa e deu por si a pensar que a mem\u00f3ria j\u00e1 n\u00e3o \u00e9 o que era? \u00c9 tempo de implementar algumas estrat\u00e9gias no seu dia a dia para estimular o c\u00e9rebro e potenciar a sua mem\u00f3ria.<\/p>\n\n\n\n<p>Manter o c\u00e9rebro ativo \u00e9 muito importante para qualquer ser humano. \u00c9 neste \u00f3rg\u00e3o que se processa a <strong>mem\u00f3ria<\/strong>, uma das fun\u00e7\u00f5es mais importantes para cada um de n\u00f3s. \u00c9 ela a respons\u00e1vel por consolidar os conhecimentos e compet\u00eancias que vamos adquirindo ao longo da vida, bem como os momentos de maior relevo na vida. Com o avan\u00e7ar da idade, esta capacidade \u00e9 afetada. No entanto, esta oscila\u00e7\u00e3o n\u00e3o acontece de forma igual em toda a pessoas e h\u00e1 formas de tentar reverter alguns efeitos que podem advir de cada fase da vida.<\/p>\n\n\n\n<p><strong>Que tipos de mem\u00f3ria existem?<\/strong><\/p>\n\n\n\n<p>Segundo a psicologia, existem tr\u00eas grandes tipos de mem\u00f3ria: a <strong>sensorial<\/strong>, a de <strong>curto prazo <\/strong>e a de <strong>longo prazo<\/strong>. Dentro destes segmentos, a categoriza\u00e7\u00e3o fica mais detalhada. No primeiro caso, a mem\u00f3ria sensorial \u00e9 captada, tal como nome indica, pelos sentidos. \u00c9 r\u00e1pida e pouco dur\u00e1vel e, se n\u00e3o for processada, n\u00e3o ir\u00e1 integrar a mem\u00f3ria de curto prazo.<\/p>\n\n\n\n<p>Por sua vez, a <strong>mem\u00f3ria a curto prazo<\/strong> diz respeito a todas as informa\u00e7\u00f5es que vamos retendo ao longo de cada dia e \u00e9 constitu\u00edda pela <strong>mem\u00f3ria imediata<\/strong> e pela <strong>mem\u00f3ria de trabalho. <\/strong>\u00c9 atrav\u00e9s desta \u00faltima referencia\u00e7\u00e3oqueconseguimos armazenar as informa\u00e7\u00f5es que s\u00e3o de relev\u00e2ncia para o quotidiano (tarefas, datas, eventos&#8230;). S\u00f3 \u00e9 usada enquanto representa algum tipo de utilidade. Depois, se n\u00e3o for relevante, n\u00e3o ser\u00e1 processada para mem\u00f3ria a longo prazo.<\/p>\n\n\n\n<p>A <strong>mem\u00f3ria a longo prazo<\/strong> \u00e9, tamb\u00e9m, alvo de categoriza\u00e7\u00e3o mais complexa \u2013 mem\u00f3ria declarativa e mem\u00f3ria n\u00e3o declarativa. A grande maioria das mem\u00f3rias que vamos constru\u00edndo na nossa vida, poder\u00e3o enquadrar-se aqui nesta \u00e1rea. \u00c9 atrav\u00e9s da mem\u00f3ria declarativa (sem\u00e2ntica e epis\u00f3dica) que nos lembramos do mundo que nos rodeia \u2013 eventos, nomes, datas e epis\u00f3dios marcantes ao longo do percurso de vida. As habilidades que v\u00e3o sendo adquiridas &#8211; aprender um novo instrumento, conduzir, entre in\u00fameras outras \u2013 que se tornam mecanizadas\/autom\u00e1ticas fazem parte da mem\u00f3ria n\u00e3o declarativa. &nbsp;&nbsp;&nbsp;<\/p>\n\n\n\n<p><strong>A mem\u00f3ria fica igual toda a vida?<\/strong><\/p>\n\n\n\n<p>Todos podemos responder a esta pergunta. Na verdade, n\u00e3o! Tanto a capacidade imediata de recorrer \u00e0 mem\u00f3ria para a execu\u00e7\u00e3o de tarefas como o reter de mem\u00f3rias, s\u00e3o afetas com a idade e com os h\u00e1bitos do dia a dia.<\/p>\n\n\n\n<p>No entanto, os especialistas nesta \u00e1rea referem que \u00e9 poss\u00edvel treinar a mem\u00f3ria e torn\u00e1-la mais \u00e1gil.<\/p>\n\n\n\n<h2 class=\"wp-block-heading\"><strong>Dicas para tornar aumentar a mem\u00f3ria<\/strong><\/h2>\n\n\n\n<ul class=\"wp-block-list\"><li><strong>Concentre-se nas tarefas que est\u00e1 a executar<\/strong> \u2013 Em vez de tentar realizar m\u00faltiplas atividades ao mesmo tempo, aumente a aten\u00e7\u00e3o que d\u00e1 a cada uma delas.<\/li><li><strong>Coma de forma saud\u00e1vel e privilegie alimentos com Omega 3<\/strong> (por exemplo, peixe), que ajuda a estimular a mem\u00f3ria.<\/li><li><strong>Pratique exerc\u00edcio f\u00edsico regularmente <\/strong>\u2013 estimular a fun\u00e7\u00e3o cardiovascular \u00e9 esencial para o que o c\u00e9rebro seja eficientemente irrigado e possa funcionar nas melhores condi\u00e7\u00f5es.<\/li><li><strong>Aventure-se em novos <em>hobbies<\/em> ou atividades<\/strong> \u2013 Nunca \u00e9 tarde demais para aprender um instrumento musical ou para uma modalidade de dan\u00e7a. A concentra\u00e7\u00e3o necess\u00e1ria para esta iniciativa ser\u00e1, tamb\u00e9m, muito ben\u00e9fica.<\/li><li><strong>Dedique algum tempo a jogos de mem\u00f3ria, jogos de tabuleiro, palavras cruzadas ou sudoku. <\/strong>Este tipo de passatempos s\u00e3o bons est\u00edmulos para o c\u00e9rebro.<\/li><li><strong>Conviva sempre que poss\u00edvel <\/strong>\u2013 A intera\u00e7\u00e3o social, com pessoas diferentes e outras viv\u00eancias \u00e9 importante para dar novos est\u00edmulos ao seu c\u00e9rebro.<strong>&nbsp;<\/strong><\/li><li><strong>N\u00e3o anote tudo<\/strong> \u2013 Treine a sua mem\u00f3ria, tentando-se recordar de datas importantes, bem como de tarefas que tem pendentes ou, at\u00e9, da lista de supermercado! Deixe de lado o seu smartphone ou o seu bloco de notas.<\/li><li><strong>Mude de rotina \u2013<\/strong> \u00c9 essencial para trabalhar a mem\u00f3ria e estimular o c\u00e9rebro n\u00e3o fazer as mesmas atividades todos os dias. Um caminho diferente para o emprego, uma surpresa no final do dia s\u00e3o boas dicas.<\/li><li><strong>Ponha a leitura em dia \u2013 <\/strong>H\u00e1 quanto tempo n\u00e3o l\u00ea um livro? Aproveite para incluir este h\u00e1bito na sua vida e, depois, fa\u00e7a um resumo a um familiar seu. Poder\u00e1 fazer o mesmo com uma s\u00e9rie ou com um filme. <strong>&nbsp;<\/strong><\/li><li><strong>Descanse bem <\/strong>\u2013 \u00c9 a \u00faltima dica aqui descrita mas, no entanto, \u00e9 das mais importantes! Especialistas na \u00e1rea do sono alertam para as consequ\u00eancias que dormir pouco t\u00eam no poder de concentra\u00e7\u00e3o e na capacidade de reter mem\u00f3rias. \u00c9 no sono que o corpo humano consegue consolidar as mem\u00f3rias mais relevantes.<\/li><\/ul>\n\n\n\n<h2 class=\"wp-block-heading\"><strong>Como o contexto pand\u00e9mico afetou a mem\u00f3ria de todos<\/strong><\/h2>\n\n\n\n<p>Se sentiu que a sua mem\u00f3ria piorou bastante nos \u00faltimos dois anos, acredite que n\u00e3o \u00e9 o \u00fanico. O contexto de pandemia, as consequ\u00eancias da doen\u00e7a e o alterar do quotidiano estiveram na origem e altera\u00e7\u00f5es cerebrais, nomeadamente, ao n\u00edvel da mem\u00f3ria. Este contexto \u00e9 detalhado num <a href=\"https:\/\/cnnportugal.iol.pt\/memoria\/covid-19\/ficamos-todos-mais-esquecidos-durante-a-pandemia-saiba-como-pode-melhorar\/20220212\/620541e70cf2cc58e7e2204a\" target=\"_blank\" rel=\"noreferrer noopener\">artigo publicado pela CNN Portugal<\/a>, que valer\u00e1 a pena dar uma vista de olhos. <\/p>\n\n\n\n<p><br><strong>Uma \u00faltima dica, se sentir que a perda de mem\u00f3ria \u00e9 mais frequente, consulte um especialista e fale-lhe nesta quest\u00e3o.<\/strong> Existem algum problemas de sa\u00fade que podem ter como consequ\u00eancia perdas de mem\u00f3ria moment\u00e2nea ou permanente. N\u00e3o se sinta constrangido ou desvalorize os seus sintomas! Estimular a mem\u00f3ria com as dicas apresentadas \u00e9 um bom passo para o ajudar a entender se consegue melhorar o seu dia a dia. Mas, por vezes, s\u00f3 um m\u00e9dico o poder\u00e1 ajudar a recuperar ou diminuir as consequ\u00eancias de uma doen\u00e7a que afete a mem\u00f3ria.<\/p>\n","protected":false},"excerpt":{"rendered":"<p>Quantas vezes j\u00e1 tentou lembrar-se de alguma coisa e deu por si a pensar que a mem\u00f3ria j\u00e1 n\u00e3o \u00e9 o que era? Estimule o c\u00e9rebro<\/p>\n","protected":false},"author":2,"featured_media":1224,"comment_status":"closed","ping_status":"closed","sticky":false,"template":"","format":"standard","meta":{"footnotes":""},"categories":[1],"tags":[23,31],"class_list":["post-2199","post","type-post","status-publish","format-standard","has-post-thumbnail","hentry","category-familia","tag-familia","tag-vida-saudavel"],"_links":{"self":[{"href":"https:\/\/www.prevoir.pt\/bloguemomentus\/wp-json\/wp\/v2\/posts\/2199","targetHints":{"allow":["GET"]}}],"collection":[{"href":"https:\/\/www.prevoir.pt\/bloguemomentus\/wp-json\/wp\/v2\/posts"}],"about":[{"href":"https:\/\/www.prevoir.pt\/bloguemomentus\/wp-json\/wp\/v2\/types\/post"}],"author":[{"embeddable":true,"href":"https:\/\/www.prevoir.pt\/bloguemomentus\/wp-json\/wp\/v2\/users\/2"}],"replies":[{"embeddable":true,"href":"https:\/\/www.prevoir.pt\/bloguemomentus\/wp-json\/wp\/v2\/comments?post=2199"}],"version-history":[{"count":1,"href":"https:\/\/www.prevoir.pt\/bloguemomentus\/wp-json\/wp\/v2\/posts\/2199\/revisions"}],"predecessor-version":[{"id":2589,"href":"https:\/\/www.prevoir.pt\/bloguemomentus\/wp-json\/wp\/v2\/posts\/2199\/revisions\/2589"}],"wp:featuredmedia":[{"embeddable":true,"href":"https:\/\/www.prevoir.pt\/bloguemomentus\/wp-json\/wp\/v2\/media\/1224"}],"wp:attachment":[{"href":"https:\/\/www.prevoir.pt\/bloguemomentus\/wp-json\/wp\/v2\/media?parent=2199"}],"wp:term":[{"taxonomy":"category","embeddable":true,"href":"https:\/\/www.prevoir.pt\/bloguemomentus\/wp-json\/wp\/v2\/categories?post=2199"},{"taxonomy":"post_tag","embeddable":true,"href":"https:\/\/www.prevoir.pt\/bloguemomentus\/wp-json\/wp\/v2\/tags?post=2199"}],"curies":[{"name":"wp","href":"https:\/\/api.w.org\/{rel}","templated":true}]}}