{"id":2217,"date":"2022-08-09T14:30:31","date_gmt":"2022-08-09T14:30:31","guid":{"rendered":"https:\/\/www.prevoir.pt\/bloguemomentus\/?p=630"},"modified":"2026-03-25T10:19:51","modified_gmt":"2026-03-25T10:19:51","slug":"cartao-europeu-de-seguro-de-doenca-essencial-se-vai-viajar-pela-europa-saiba-porque","status":"publish","type":"post","link":"https:\/\/www.prevoir.pt\/bloguemomentus\/cartao-europeu-de-seguro-de-doenca-essencial-se-vai-viajar-pela-europa-saiba-porque\/","title":{"rendered":"Cart\u00e3o Europeu de Seguro de Doen\u00e7a: essencial se vai viajar pela Europa. Saiba porqu\u00ea!"},"content":{"rendered":"\n<p class=\"has-medium-font-size\">Se est\u00e1 com planos de viajar para um pa\u00eds europeu, h\u00e1 algo essencial a levar na mala e que poder\u00e1 n\u00e3o estar \u00e0 espera \u2013 o seu <strong>Cart\u00e3o Europeu de Seguro de Doen\u00e7a<\/strong>. Saiba quais as principais vantagens.&nbsp;&nbsp;<\/p>\n\n\n\n<p>Ningu\u00e9m programa uma viagem a pensar no que pode correr menos bem. Descobrir um novo destino \u00e9 um momento de grande entusiamo, pelo que os tempos que antecedem esta data s\u00e3o passados a explorar atividades e locais a visitar. No entanto, \u00e9 sempre importante acautelar os epis\u00f3dios inesperados, nomeadamente os de sa\u00fade.<\/p>\n\n\n\n<p>E nada melhor do que aproveitar os benef\u00edcios que est\u00e3o ao seu dispor! \u00c9 o caso do <strong>cart\u00e3o europeu de seguro de doen\u00e7a<\/strong>, totalmente gratuito, e que pode fazer a diferen\u00e7a na sua viagem.<\/p>\n\n\n\n<h2 class=\"wp-block-heading\"><strong>O que \u00e9 o cart\u00e3o europeu de seguro de doen\u00e7a (CESD)?<\/strong><\/h2>\n\n\n\n<p>\u00c9 um instrumento de <strong>prote\u00e7\u00e3o \u00e0 sa\u00fade <\/strong>para todos os europeus que se deslocam entre pa\u00edses da <strong>Uni\u00e3o Europeia,<\/strong> <strong>Isl\u00e2ndia<\/strong>, <strong>Liechtenstein<\/strong>, <strong>Noruega<\/strong>, <strong>Sui\u00e7a<\/strong> e <strong>Reino Unido<\/strong>. Sem qualquer custo para o seu portador, este cart\u00e3o permite, segundo informa\u00e7\u00f5es da Seguran\u00e7a Social, que o seu titular tenha direito a \u201cobter junto dos prestadores de cuidados p\u00fablicos a assist\u00eancia m\u00e9dica de que o seu estado de sa\u00fade necessitar, durante a sua estadia tempor\u00e1ria\u201d em qualquer um dos pa\u00edses identificados.<\/p>\n\n\n\n<h3 class=\"wp-block-heading\"><strong>Como funciona?<\/strong><\/h3>\n\n\n\n<p>O CESD \u00e9 um documento pessoal e intransmiss\u00edvel que <strong>permite aceder aos mesmos direitos de assist\u00eancia m\u00e9dica que um cidad\u00e3o do pa\u00eds<\/strong> em que se encontra tem. Isto significa que, dependendo do destino para o qual vai viajar, poder\u00e1 n\u00e3o ter direito aos cuidados m\u00e9dicos de forma gratuita. Informe-se sobre o sistema de seguran\u00e7a social existente nesse pa\u00eds, para verificar se n\u00e3o existem taxas moderadoras ou comparticipa\u00e7\u00f5es necess\u00e1rias.<\/p>\n\n\n\n<h3 class=\"wp-block-heading\"><strong>Como pedir o <\/strong><strong>cart\u00e3o europeu de seguro de doen\u00e7a (CESD)?<\/strong><strong><\/strong><\/h3>\n\n\n\n<p>O requerimento do CESD pode ser efetuado por qualquer pessoa que esteja inscrita na Seguran\u00e7a Social, Seguro Social Volunt\u00e1rio, Utentes do SNS, pessoas que trabalham no estrangeiro, pensionistas que tenham regressado a Portugal ou trabalhadores destacados para outros pa\u00edses.<\/p>\n\n\n\n<p>O <strong>pedido \u00e9 feito de forma individual<\/strong>, pelo que cada pessoa ter\u00e1 que requisitar o seu (mesmo crian\u00e7as ou jovens). Pode solicitar este documento em <strong>qualquer altura do ano<\/strong> e este ter\u00e1 uma <strong>dura\u00e7\u00e3o de 3 anos.<\/strong><\/p>\n\n\n\n<p>O cart\u00e3o \u00e9<a href=\"https:\/\/eportugal.gov.pt\/servicos\/requerer-o-cartao-europeu-de-seguro-de-doenca-da-seguranca-social\" target=\"_blank\" rel=\"noreferrer noopener\"> pedido online ou presencialmente<\/a>. No <a href=\"https:\/\/eportugal.gov.pt\/servicos\/requerer-o-cartao-europeu-de-seguro-de-doenca-da-seguranca-social\" target=\"_blank\" rel=\"noreferrer noopener\">portal do Governo Eportugal<\/a> est\u00e3o indicados todos os passos que deve seguir, mediante a sua escolha. <\/p>\n\n\n\n<h3 class=\"wp-block-heading\"><strong>Resumindo, eis as principais vantagens<\/strong><\/h3>\n\n\n\n<ul class=\"wp-block-list\"><li>Garantia de todos os cuidados m\u00e9dicos urgentes, tal como um cidad\u00e3o local.<\/li><li>Possibilidade de ser usado em mais de 30 pa\u00edses.<\/li><li>\u00c9 um cart\u00e3o totalmente gratuito.<\/li><\/ul>\n\n\n\n<p><strong>No entanto, o cart\u00e3o europeu de seguro de doen\u00e7a n\u00e3o substitui um seguro de sa\u00fade ou de assist\u00eancia no estrangeiro! <\/strong>Este apenas funciona como meio de suporte em situa\u00e7\u00f5es de doen\u00e7a s\u00fabita, para que o titular n\u00e3o tenha que se deslocar ao seu pa\u00eds de origem de imediato. Informe-se sobre todos os seus detalhes, para que possa avaliar a necessidade de susbcrever um <strong>seguro de viagem<\/strong> ou de <strong>outra solu\u00e7\u00e3o de prote\u00e7\u00e3o no estrangeiro<\/strong>. Se n\u00e3o compreende as <a href=\"https:\/\/www.prevoir.pt\/bloguemomentus\/entendas-as-diferencas-entre-um-seguro-de-viagem-e-um-seguro-de-saude-com-assistencia-em-viagem\/\" target=\"_blank\" rel=\"noreferrer noopener\">diferen\u00e7as entre um seguro de viagem e um seguro de sa\u00fade com assist\u00eancia em viagem<\/a>, explore um artigo que prepar\u00e1mos para si.<\/p>\n","protected":false},"excerpt":{"rendered":"<p>Cart\u00e3o Europeu de Seguro de Doen\u00e7a &#8211; Se est\u00e1 com planos de viajar para um pa\u00eds europeu, \u00e9 algo essencial a levar na mala. Conhe\u00e7a as vantagens<\/p>\n","protected":false},"author":2,"featured_media":1247,"comment_status":"closed","ping_status":"closed","sticky":false,"template":"","format":"standard","meta":{"footnotes":""},"categories":[7],"tags":[24],"class_list":["post-2217","post","type-post","status-publish","format-standard","has-post-thumbnail","hentry","category-saude","tag-saude"],"_links":{"self":[{"href":"https:\/\/www.prevoir.pt\/bloguemomentus\/wp-json\/wp\/v2\/posts\/2217","targetHints":{"allow":["GET"]}}],"collection":[{"href":"https:\/\/www.prevoir.pt\/bloguemomentus\/wp-json\/wp\/v2\/posts"}],"about":[{"href":"https:\/\/www.prevoir.pt\/bloguemomentus\/wp-json\/wp\/v2\/types\/post"}],"author":[{"embeddable":true,"href":"https:\/\/www.prevoir.pt\/bloguemomentus\/wp-json\/wp\/v2\/users\/2"}],"replies":[{"embeddable":true,"href":"https:\/\/www.prevoir.pt\/bloguemomentus\/wp-json\/wp\/v2\/comments?post=2217"}],"version-history":[{"count":1,"href":"https:\/\/www.prevoir.pt\/bloguemomentus\/wp-json\/wp\/v2\/posts\/2217\/revisions"}],"predecessor-version":[{"id":2566,"href":"https:\/\/www.prevoir.pt\/bloguemomentus\/wp-json\/wp\/v2\/posts\/2217\/revisions\/2566"}],"wp:featuredmedia":[{"embeddable":true,"href":"https:\/\/www.prevoir.pt\/bloguemomentus\/wp-json\/wp\/v2\/media\/1247"}],"wp:attachment":[{"href":"https:\/\/www.prevoir.pt\/bloguemomentus\/wp-json\/wp\/v2\/media?parent=2217"}],"wp:term":[{"taxonomy":"category","embeddable":true,"href":"https:\/\/www.prevoir.pt\/bloguemomentus\/wp-json\/wp\/v2\/categories?post=2217"},{"taxonomy":"post_tag","embeddable":true,"href":"https:\/\/www.prevoir.pt\/bloguemomentus\/wp-json\/wp\/v2\/tags?post=2217"}],"curies":[{"name":"wp","href":"https:\/\/api.w.org\/{rel}","templated":true}]}}