{"id":2218,"date":"2022-08-11T17:26:37","date_gmt":"2022-08-11T17:26:37","guid":{"rendered":"https:\/\/www.prevoir.pt\/bloguemomentus\/?p=635"},"modified":"2026-03-25T10:19:45","modified_gmt":"2026-03-25T10:19:45","slug":"dicas-essenciais-de-como-cuidar-da-sua-saude-em-ferias","status":"publish","type":"post","link":"https:\/\/www.prevoir.pt\/bloguemomentus\/dicas-essenciais-de-como-cuidar-da-sua-saude-em-ferias\/","title":{"rendered":"Dicas essenciais de como cuidar da sua sa\u00fade em f\u00e9rias"},"content":{"rendered":"\n<p class=\"has-medium-font-size\">As f\u00e9rias s\u00e3o o momento ideal para deixar as preocupa\u00e7\u00f5es de lado. Mudar de rotinas, aventurar-se em novas atividades e fugir das obriga\u00e7\u00f5es. No entanto, h\u00e1 algo que n\u00e3o pode esquecer&#8230; a sua sa\u00fade. Por isso, mesmo nos dias de descanso, aproveite para manter h\u00e1bitos que o v\u00e3o ajudar durante todo o ano. &nbsp;<\/p>\n\n\n\n<p>Agosto \u00e9, por excel\u00eancia, um m\u00eas em que muitas pessoas tiram uns dias para descansar. Com grande parte dos estabelecimentos de ensino fechados, h\u00e1 que aproveitar o tempo livre em fam\u00edlia, para fugir das rotinas e relaxar do quotidano repleto de tarefas e preocupa\u00e7\u00f5es. Mas, isto n\u00e3o quer dizer que se deixe de lado o cuidado com certos <strong>aspetos essenciais da sua vida<\/strong> \u2013 a <strong>sa\u00fade<\/strong> \u00e9 um deles.<\/p>\n\n\n\n<p>Por isso, mesmo em f\u00e9rias, \u00e9 importante que mantenha no seu radar a\u00e7\u00f5es que ajudam a um dia a dia mais saud\u00e1vel. &nbsp;<\/p>\n\n\n\n<h3 class=\"wp-block-heading\"><strong>Mantenha a pr\u00e1tica de desporto regular<\/strong><\/h3>\n\n\n\n<p>Mesmo que a pregui\u00e7a queira venc\u00ea-lo, dedique algum tempo de cada dia de f\u00e9rias para mexer um pouco o corpo. Uma caminhada ao ar livre, alguns exerc\u00edcios localizados ou jogos em fam\u00edlia ajudam a que a pr\u00e1tica f\u00edsica n\u00e3o seja esquecida.<\/p>\n\n\n\n<h3 class=\"wp-block-heading\"><strong>&nbsp;Marque um check-up geral<\/strong><\/h3>\n\n\n\n<p>Com maior disponibilidade de agenda, ser\u00e1 mais f\u00e1cil conseguir programar aquelas consultas que adia h\u00e1 bastante tempo. Um check-up peri\u00f3dico \u00e9 essencial para a preven\u00e7\u00e3o de doen\u00e7as graves, por isso n\u00e3o deixe para segundo plano.<\/p>\n\n\n\n<h3 class=\"wp-block-heading\"><strong>N\u00e3o caia em tenta\u00e7\u00f5es alimentares<\/strong><\/h3>\n\n\n\n<p>Bem sabemos que as f\u00e9rias s\u00e3o, tamb\u00e9m, prop\u00edcias a alguns excessos. No entanto, n\u00e3o fa\u00e7a disso regra! Uma sobremesa ou um gelado bem como uma refei\u00e7\u00e3o ou outra de <em>fast-food <\/em>n\u00e3o s\u00e3o problem\u00e1ticos se isso for a exce\u00e7\u00e3o. Sinta o prazer de comer uma salada colorida ou uma pe\u00e7a de fruta fresca.<\/p>\n\n\n\n<h3 class=\"wp-block-heading\"><strong>Guarde o telem\u00f3vel<\/strong><\/h3>\n\n\n\n<p>Durante todo o ano, temos que estar sempre contact\u00e1veis e em cima do acontecimento. Ent\u00e3o, aproveite os dias de f\u00e9rias para se afastar da tecnologia. Se tem filhos pequenos, ser\u00e1 um \u00f3timo exemplo! Aproveite o tempo que dedicaria ao telem\u00f3vel para observar a natureza e para, simplesmente, viver o momento.&nbsp;<\/p>\n\n\n\n<h3 class=\"wp-block-heading\"><strong>Cautela com o sol<\/strong><\/h3>\n\n\n\n<p>Sol e f\u00e9rias s\u00e3o um \u00f3timo complemento! Mas, como tudo na vida, com modera\u00e7\u00e3o. \u00c9 essencial manter a pele protegida contra os raios UV e aproveitar as horas de maior calor para outras atividades. As queimaduras solares s\u00e3o mais comuns do que se imagina e podem ter consequ\u00eancias a longo prazo.<\/p>\n\n\n\n<h3 class=\"wp-block-heading\"><strong>Precau\u00e7\u00e3o com os acidentes dom\u00e9sticos<\/strong><\/h3>\n\n\n\n<p>F\u00e9rias s\u00e3o, tamb\u00e9m, sin\u00f3nimo de mais conv\u00edvios e nada melhor do que um churrasco ao ar livre, acompanhado de uns mergulhos na piscina. No entanto, h\u00e1 que ter em aten\u00e7\u00e3o que muitos acidentes podem acontecer em casa. Uma queimadura ou uma queda acidental pode ser uma surpresa pouco agrad\u00e1vel. Tome precau\u00e7\u00f5es e tenha, para al\u00e9m disso, uma prote\u00e7\u00e3o que o ajuda a estar protegido nestes cen\u00e1rios imprevis\u00edveis: o <a href=\"https:\/\/www.prevoir.pt\/familia-prevoir-solucao-total\">PR\u00c9VOIR Solu\u00e7\u00e3o Total<\/a>.<\/p>\n\n\n\n<h3 class=\"wp-block-heading\"><strong>Cuide da sua sa\u00fade oral<\/strong><\/h3>\n\n\n\n<p>Mais alimentos processados, mais gelados ou bebidas frias podem exp\u00f4r os seus dentes a condi\u00e7\u00f5es menos favor\u00e1veis. Por isso, mantenha os bons h\u00e1bitos de sa\u00fade oral, tal como no resto do ano.<\/p>\n\n\n\n<h3 class=\"wp-block-heading\"><strong>Durma muito<\/strong><\/h3>\n\n\n\n<p>Uma boa sesta faz milagres pelo seu corpo! Aproveite as f\u00e9rias para descansar mais do que habitualmente.&nbsp;<\/p>\n\n\n\n<p>Boas f\u00e9rias!<\/p>\n","protected":false},"excerpt":{"rendered":"<p>As f\u00e9rias s\u00e3o o momento ideal para deixar as preocupa\u00e7\u00f5es de lado. . No entanto, h\u00e1 algo que n\u00e3o pode esquecer&#8230; a sua sa\u00fade.<\/p>\n","protected":false},"author":2,"featured_media":1248,"comment_status":"closed","ping_status":"closed","sticky":false,"template":"","format":"standard","meta":{"footnotes":""},"categories":[7],"tags":[24],"class_list":["post-2218","post","type-post","status-publish","format-standard","has-post-thumbnail","hentry","category-saude","tag-saude"],"_links":{"self":[{"href":"https:\/\/www.prevoir.pt\/bloguemomentus\/wp-json\/wp\/v2\/posts\/2218","targetHints":{"allow":["GET"]}}],"collection":[{"href":"https:\/\/www.prevoir.pt\/bloguemomentus\/wp-json\/wp\/v2\/posts"}],"about":[{"href":"https:\/\/www.prevoir.pt\/bloguemomentus\/wp-json\/wp\/v2\/types\/post"}],"author":[{"embeddable":true,"href":"https:\/\/www.prevoir.pt\/bloguemomentus\/wp-json\/wp\/v2\/users\/2"}],"replies":[{"embeddable":true,"href":"https:\/\/www.prevoir.pt\/bloguemomentus\/wp-json\/wp\/v2\/comments?post=2218"}],"version-history":[{"count":1,"href":"https:\/\/www.prevoir.pt\/bloguemomentus\/wp-json\/wp\/v2\/posts\/2218\/revisions"}],"predecessor-version":[{"id":2565,"href":"https:\/\/www.prevoir.pt\/bloguemomentus\/wp-json\/wp\/v2\/posts\/2218\/revisions\/2565"}],"wp:featuredmedia":[{"embeddable":true,"href":"https:\/\/www.prevoir.pt\/bloguemomentus\/wp-json\/wp\/v2\/media\/1248"}],"wp:attachment":[{"href":"https:\/\/www.prevoir.pt\/bloguemomentus\/wp-json\/wp\/v2\/media?parent=2218"}],"wp:term":[{"taxonomy":"category","embeddable":true,"href":"https:\/\/www.prevoir.pt\/bloguemomentus\/wp-json\/wp\/v2\/categories?post=2218"},{"taxonomy":"post_tag","embeddable":true,"href":"https:\/\/www.prevoir.pt\/bloguemomentus\/wp-json\/wp\/v2\/tags?post=2218"}],"curies":[{"name":"wp","href":"https:\/\/api.w.org\/{rel}","templated":true}]}}