{"id":2223,"date":"2022-10-10T15:55:10","date_gmt":"2022-10-10T15:55:10","guid":{"rendered":"https:\/\/www.prevoir.pt\/bloguemomentus\/?p=664"},"modified":"2026-03-25T10:18:07","modified_gmt":"2026-03-25T10:18:07","slug":"a-importancia-da-saude-mental-no-dia-a-dia-dicas-para-o-equilibrio","status":"publish","type":"post","link":"https:\/\/www.prevoir.pt\/bloguemomentus\/a-importancia-da-saude-mental-no-dia-a-dia-dicas-para-o-equilibrio\/","title":{"rendered":"A import\u00e2ncia da Sa\u00fade Mental no dia a dia \u2013 Dicas para o equil\u00edbrio"},"content":{"rendered":"\n<p class=\"has-medium-font-size\">Chamar a aten\u00e7\u00e3o para a import\u00e2ncia de se cuidar da sa\u00fade mental \u00e9 o objetivo do Dia Mundial da Sa\u00fade Mental, celebrado a 10 de outubro. E cuidar do seu bem-estar como um todo, vai ajud\u00e1-lo a sentir-se mais equilibrado no dia a dia!<\/p>\n\n\n\n<p>A sociedade sempre deu <strong>mais import\u00e2ncia \u00e0 sa\u00fade f\u00edsica do que \u00e0 sa\u00fade mental.<\/strong> Durante anos, este tema era desvalorizado e, at\u00e9, incompreendido. No entanto, o panorama tem vindo a mudar. Atualmente, a Organiza\u00e7\u00e3o Mundial da Sa\u00fade (OMS) coloca a sa\u00fade mental como uma das prioridades quanto \u00e0s a\u00e7\u00f5es a serem desenvolvidas.<\/p>\n\n\n\n<p>Criado a 10 de outubro de 1992, pela Federa\u00e7\u00e3o Mundial para a Sa\u00fade Mental (WFMH), o <strong>Dia Mundial da Sa\u00fade Mental<\/strong> \u00e9 dedicado, todos os anos, a um tema diferente. Este ano, o tema eleito \u00e9 o impacto das altera\u00e7\u00f5es climat\u00e9ricas na sa\u00fade mental. Os desastres naturais e as secas prolongadas est\u00e3o cada vez mais a ser associadas ao transtorno de stress p\u00f3s-traum\u00e1tico, ansiedade e depress\u00e3o.<\/p>\n\n\n\n<p>A sa\u00fade mental pode efetivamente afetar todos os espetros da vida pessoal e, tamb\u00e9m, profissional. Segundo dados da OMS e da Organiza\u00e7\u00e3o Internacional do Trabalho (OIT), anualmente perdem-se <strong>cerca de 2 mil milh\u00f5es de dias de trabalho<\/strong> devido \u00e0 depress\u00e3o e \u00e0 ansiedade. Dados do Relat\u00f3rio Mundial de Sa\u00fade Mental da OMS indicam que, em 2019, <a href=\"https:\/\/www.who.int\/publications\/i\/item\/9789240049338\" target=\"_blank\" rel=\"noreferrer noopener\">15% dos adultos em idade ativa j\u00e1 sofreram de algum transtorno mental<\/a>.<\/p>\n\n\n\n<p>Com a pandemia, houve um aumento de problemas de foro psicol\u00f3gico, nomeadamente, mais casos de ansiedade, depress\u00e3o, <em>burnout<\/em> e stress p\u00f3s-traum\u00e1tico, entre outros.<\/p>\n\n\n\n<p>Face a este contexto, \u00e9 de extrema import\u00e2ncia implementar a\u00e7\u00f5es no dia a dia que permitam cuidar da Sa\u00fade Mental e auxiliar o corpo a lidar com estes sintomas, que podem afetar os mais diversos aspetos da vida. \u00c9 na preven\u00e7\u00e3o que nos podemos apoiar para encontrar o equil\u00edbrio desejado<\/p>\n\n\n\n<h3 class=\"wp-block-heading\">1. <strong>Crie tempo para estar consigo<\/strong><\/h3>\n\n\n\n<p>Sim, pode-lhe parecer um conceito estranho, mas a verdade \u00e9 que a grande maioria das pessoas n\u00e3o se conhece. Entenda o que o faz feliz, para poder investir mais tempo naquilo que o realiza.<\/p>\n\n\n\n<h3 class=\"wp-block-heading\"><strong>2. Equilibre o tempo dedicado \u00e0 vida profissional e \u00e0 vida pessoal<\/strong><\/h3>\n\n\n\n<p>Uma coisa \u00e9 certa: ser\u00e1 mais produtivo e focado se tiver momentos de descontra\u00e7\u00e3o, dedicados a outras tarefas que n\u00e3o as profissionais. Uma vida saud\u00e1vel \u00e9 fruto do equil\u00edbrio entre os v\u00e1rios aspetos da vida, pelo que nenhum se deve sobressair em rela\u00e7\u00e3o ao outro.<\/p>\n\n\n\n<h3 class=\"wp-block-heading\"><strong>3. D\u00ea-se ao \u201cluxo\u201d de ouvir m\u00fasica ou ler um livro<\/strong><\/h3>\n\n\n\n<p>N\u00e3o ache que este tempo \u00e9 desperdi\u00e7ado e encare-o como um investimento para o seu bem-estar. A m\u00fasica ou a leitura podem ser muito terap\u00eauticos e t\u00eam o poder de relaxar ou de levar a imagina\u00e7\u00e3o a outros patamares.<\/p>\n\n\n\n<h3 class=\"wp-block-heading\">4. <strong>Deixe a raiva de lado e pratique a gratid\u00e3o<\/strong><\/h3>\n\n\n\n<p>O ser humano cai muito na tenta\u00e7\u00e3o de olhar para os aspetos negativos de cada momento. Invirta este ciclo e pratique a gentileza e a gratid\u00e3o, para com o outro e para consigo. Analise o que est\u00e1 de melhor na sua vida e valorize isso!<\/p>\n\n\n\n<h3 class=\"wp-block-heading\">5. <strong>Rodeie-se de pessoas que lhe fazem bem<\/strong><\/h3>\n\n\n\n<p>Afaste-se de intera\u00e7\u00f5es sociais conflituosas ou negativas. Mantenha as boas rela\u00e7\u00f5es bem nutridas e deixe de lado as discuss\u00f5es que n\u00e3o levam a nenhuma conclus\u00e3o positiva.<\/p>\n\n\n\n<h3 class=\"wp-block-heading\">6. <strong>Invista em novos hobbies<\/strong><\/h3>\n\n\n\n<p>Procure ter tempo para descobrir uma nova atividade. O entusiasmo de aprender algo pela primeira vez ser\u00e1 muito ben\u00e9fico para a sua sa\u00fade mental.<\/p>\n\n\n\n<h3 class=\"wp-block-heading\">7. <strong>Fa\u00e7a exerc\u00edcio f\u00edsico regularmente<\/strong><\/h3>\n\n\n\n<p>Esta dica ter\u00e1 in\u00fameros benef\u00edcios para a sua mente e, tamb\u00e9m, para o seu corpo. A pr\u00e1tica regular de exerc\u00edcio f\u00edsico \u00e9 essencial para cuidar da sa\u00fade e promover o bem-estar geral.<\/p>\n\n\n\n<h3 class=\"wp-block-heading\">8. <strong>Deixe de lado o <em>multitasking<\/em><\/strong><\/h3>\n\n\n\n<p>Preocupe-se com uma tarefa de cada vez! Com a cabe\u00e7a ocupada por m\u00faltiplas tarefas, v\u00e3o aumentar os n\u00edveis de ansiedade e stress. Uma maior concentra\u00e7\u00e3o em cada atividade permite que os trabalhos sejam realizados mais rapidamente e com maior efici\u00eancia.<\/p>\n\n\n\n<h3 class=\"wp-block-heading\">9. <strong>N\u00e3o tire horas \u00e0 cama<\/strong><\/h3>\n\n\n\n<p>Dormir bem \u00e9 essencial para que o seu c\u00e9rebro possa recuperar convenientemente dos est\u00edmulos de cada dia. Descansar o n\u00famero de horas suficiente ajuda \u00e0 resolu\u00e7\u00e3o mais r\u00e1pida dos desafios do quotidiano.<\/p>\n\n\n\n<h3 class=\"wp-block-heading\"><strong>10. Adeque as expectativas aos seus planos<\/strong><\/h3>\n\n\n\n<p>N\u00e3o fa\u00e7a planos demasiado ambiciosos. Seja realista nos prazos dados para cada tarefa que tenha em m\u00e3os.<\/p>\n\n\n\n<p><\/p>\n\n\n\n<h4 class=\"wp-block-heading\">Nunca, como hoje, se pensou tanto que \u201c<em>um corpo s\u00e3o, em mente s\u00e3<\/em>\u201d faz toda a diferen\u00e7a! Cuide da sua mente. Pequenos gestos v\u00e3o mudar, certamente, a sua vis\u00e3o do dia a dia.<\/h4>\n\n\n\n<p><\/p>\n","protected":false},"excerpt":{"rendered":"<p>Chamar a aten\u00e7\u00e3o para a import\u00e2ncia de se cuidar da sa\u00fade mental \u00e9 o objetivo do Dia Mundial da Sa\u00fade Mental. Cuidar do seu bem-estar, vai ajud\u00e1-lo a sentir-se mais equilibrado no dia a dia!<\/p>\n","protected":false},"author":2,"featured_media":1253,"comment_status":"closed","ping_status":"closed","sticky":false,"template":"","format":"standard","meta":{"footnotes":""},"categories":[1,7],"tags":[24],"class_list":["post-2223","post","type-post","status-publish","format-standard","has-post-thumbnail","hentry","category-familia","category-saude","tag-saude"],"_links":{"self":[{"href":"https:\/\/www.prevoir.pt\/bloguemomentus\/wp-json\/wp\/v2\/posts\/2223","targetHints":{"allow":["GET"]}}],"collection":[{"href":"https:\/\/www.prevoir.pt\/bloguemomentus\/wp-json\/wp\/v2\/posts"}],"about":[{"href":"https:\/\/www.prevoir.pt\/bloguemomentus\/wp-json\/wp\/v2\/types\/post"}],"author":[{"embeddable":true,"href":"https:\/\/www.prevoir.pt\/bloguemomentus\/wp-json\/wp\/v2\/users\/2"}],"replies":[{"embeddable":true,"href":"https:\/\/www.prevoir.pt\/bloguemomentus\/wp-json\/wp\/v2\/comments?post=2223"}],"version-history":[{"count":1,"href":"https:\/\/www.prevoir.pt\/bloguemomentus\/wp-json\/wp\/v2\/posts\/2223\/revisions"}],"predecessor-version":[{"id":2557,"href":"https:\/\/www.prevoir.pt\/bloguemomentus\/wp-json\/wp\/v2\/posts\/2223\/revisions\/2557"}],"wp:featuredmedia":[{"embeddable":true,"href":"https:\/\/www.prevoir.pt\/bloguemomentus\/wp-json\/wp\/v2\/media\/1253"}],"wp:attachment":[{"href":"https:\/\/www.prevoir.pt\/bloguemomentus\/wp-json\/wp\/v2\/media?parent=2223"}],"wp:term":[{"taxonomy":"category","embeddable":true,"href":"https:\/\/www.prevoir.pt\/bloguemomentus\/wp-json\/wp\/v2\/categories?post=2223"},{"taxonomy":"post_tag","embeddable":true,"href":"https:\/\/www.prevoir.pt\/bloguemomentus\/wp-json\/wp\/v2\/tags?post=2223"}],"curies":[{"name":"wp","href":"https:\/\/api.w.org\/{rel}","templated":true}]}}