{"id":2226,"date":"2022-10-17T09:36:15","date_gmt":"2022-10-17T09:36:15","guid":{"rendered":"https:\/\/www.prevoir.pt\/bloguemomentus\/?p=683"},"modified":"2026-03-25T10:16:56","modified_gmt":"2026-03-25T10:16:56","slug":"descubra-algumas-dicas-para-preparar-o-corpo-para-o-outono","status":"publish","type":"post","link":"https:\/\/www.prevoir.pt\/bloguemomentus\/descubra-algumas-dicas-para-preparar-o-corpo-para-o-outono\/","title":{"rendered":"Descubra algumas dicas para preparar o corpo para o Outono"},"content":{"rendered":"\n<p class=\"has-medium-font-size\">Apesar de querermos que o ver\u00e3o dure para sempre, em setembro, abra\u00e7amos uma nova esta\u00e7\u00e3o e com ela novos desafios para a sa\u00fade e bem-estar. \u00c9 o momento certo para cuidar de si e enfrentar as esta\u00e7\u00f5es mais frias com vitalidade!<\/p>\n\n\n\n<p>Em setembro, o azul dos dias de ver\u00e3o come\u00e7ou a esvanecer e a natureza d\u00e1 sinais que estamos a receber uma nova esta\u00e7\u00e3o. No outono, h\u00e1 que preparar o corpo para que esteja saud\u00e1vel e forte para encarar o per\u00edodo do ano mais desafiante. N\u00e3o existem dicas que sejam infal\u00edveis, mas h\u00e1 alguns cuidados que, certamente, ir\u00e3o fazer toda a diferen\u00e7a neste outono. Vamos a elas?<\/p>\n\n\n\n<h3 class=\"wp-block-heading\">1. <strong>\u00c9 tempo de dar especial carinho \u00e0 sua pele<\/strong><\/h3>\n\n\n\n<p>Com a maior exposi\u00e7\u00e3o solar, que normalmente acontece no ver\u00e3o, o corpo fica mais desidratado e a necessitar de um cuidado adicional. Hidrate bem a sua pele e aproveite para fazer um esfoliante que ajudar\u00e1 \u00e0 renova\u00e7\u00e3o das c\u00e9lulas. Para al\u00e9m disso, com o frio a chegar, evite utilizar \u00e1gua muito quente que mexe com a pelicula protetora da pele.<\/p>\n\n\n\n<p>D\u00ea especial aten\u00e7\u00e3o \u00e0s zonas do corpo mais sens\u00edveis nesta altura \u2013 tais como as m\u00e3os ou l\u00e1bios.&nbsp; Outra dica importante \u2013 o protetor solar deve ser usado, tamb\u00e9m, nas esta\u00e7\u00f5es do outono e do inverno.<\/p>\n\n\n\n<h3 class=\"wp-block-heading\"><strong>2. Reforce a hidrata\u00e7\u00e3o do corpo<\/strong><\/h3>\n\n\n\n<p>No tempo frio, as vias respirat\u00f3rias ficam mais secas e permitem que os v\u00edrus entrem no corpo mais facilmente. Mantenha-as sempre hidratadas. Beber muita \u00e1gua tamb\u00e9m ajuda a que o corpo consiga estar mais protegido das doen\u00e7as mais comuns nesta \u00e9poca do ano.&nbsp;<\/p>\n\n\n\n<h3 class=\"wp-block-heading\"><strong>3. Aposte num novo corte de cabelo<\/strong><\/h3>\n\n\n\n<p>A \u00e1gua do mar, o cloro e o sol n\u00e3o s\u00e3o amigos do seu cabelo. Por isso, nada melhor do que apostar numa pequena mudan\u00e7a e marcar uma visita ao cabeleireiro. Tamb\u00e9m ser\u00e1 muito bom para a sua autoconfian\u00e7a!<\/p>\n\n\n\n<h4 class=\"wp-block-heading\"><strong>4. D\u00ea prioridade a alimentos saud\u00e1veis<\/strong><\/h4>\n\n\n\n<p>Nas esta\u00e7\u00f5es mais frias, o corpo necessita de mais energia e tende a demonstrar mais fome. Por isso, \u00e9 mais f\u00e1cil cair em tenta\u00e7\u00e3o. As sopas s\u00e3o uma \u00f3tima estrat\u00e9gia para consumir alimentos ben\u00e9ficos para o sistema imunit\u00e1rio.<\/p>\n\n\n\n<p>D\u00ea aten\u00e7\u00e3o \u00e0 fruta rica em vitamina C, que \u00e9 essencial nesta \u00e9poca do ano.<\/p>\n\n\n\n<h3 class=\"wp-block-heading\"><strong>5. Sempre que poss\u00edvel, evite multid\u00f5es<\/strong><\/h3>\n\n\n\n<p>Por vezes, \u00e9 imposs\u00edvel evitarmos estar com muitas pessoas. Se estiver em locais fechados nas esta\u00e7\u00f5es mais frias, estar\u00e1, certamente, mais exposto a v\u00edrus e bact\u00e9rias. E n\u00e3o falamos apenas da COVID 19. Mantenha especial aten\u00e7\u00e3o \u00e0 etiqueta de higiene e frequente locais fechados, tais como supermercados ou shoppings, em hor\u00e1rios menos procurados.<\/p>\n\n\n\n<h3 class=\"wp-block-heading\"><strong>6. N\u00e3o deixe para 2\u00ba plano o exerc\u00edcio f\u00edsico<\/strong><\/h3>\n\n\n\n<p>Movimentar o corpo \u00e9 essencial para manter uma sa\u00fade forte. No entanto, deve adequar o exerc\u00edcio ao ar livre \u00e0 \u00e9poca do ano. Agasalhe-se adequadamente e realize um per\u00edodo mais extenso de aquecimento dos m\u00fasculos e articula\u00e7\u00f5es.&nbsp;<\/p>\n\n\n\n<h3 class=\"wp-block-heading\"><strong>7. Tenha cuidado com os resfriados<\/strong><\/h3>\n\n\n\n<p>Outra dica importante para o outono, \u00e9 adequar o vestu\u00e1rio a cada dia. Esta esta\u00e7\u00e3o \u00e9 sempre marcada por alguma instabilidade \u2013 ora chuva, ora frio, ora calor -, por isso optar por camadas de roupa \u00e9 uma boa estrat\u00e9gia.<\/p>\n\n\n\n<h2 class=\"wp-block-heading\"><strong>E porque n\u00e3o preparar, tamb\u00e9m, a sua prote\u00e7\u00e3o?<\/strong><\/h2>\n\n\n\n<p>O regresso ao trabalho e \u00e0s rotinas de casa bem podem ser, tamb\u00e9m, o momento ideal para tra\u00e7ar um novo caminho na sua prote\u00e7\u00e3o individual e familiar. Tem um plano B, se algum epis\u00f3dio inesperado surgir na sua vida? E se ficar impossibilitado de exercer a sua atividade profissional durante algum tempo? Tem uma rede de cuidados m\u00e9dicos em que confia e que lhe d\u00e1 acesso a consultas e tratamentos, quando realmente precisa?<\/p>\n\n\n\n<p>Fale com um dos nossos mediadores PR\u00c9VOIR e aconselhe-se sobre quais as solu\u00e7\u00f5es de prote\u00e7\u00e3o mais ajustadas ao seu contexto. Procure, no <a href=\"https:\/\/www.prevoir.pt\/pesquisa-de-mediadores-prevoir\" target=\"_blank\" rel=\"noreferrer noopener\">nosso website, pelo mediador mais perto de si<\/a>!<\/p>\n","protected":false},"excerpt":{"rendered":"<p>O outono \u00e9 o momento certo para cuidar de si e enfrentar as esta\u00e7\u00f5es mais frias com vitalidade! Abrace esta nova esta\u00e7\u00e3o&#8230;<\/p>\n","protected":false},"author":2,"featured_media":1256,"comment_status":"closed","ping_status":"closed","sticky":false,"template":"","format":"standard","meta":{"footnotes":""},"categories":[7],"tags":[24],"class_list":["post-2226","post","type-post","status-publish","format-standard","has-post-thumbnail","hentry","category-saude","tag-saude"],"_links":{"self":[{"href":"https:\/\/www.prevoir.pt\/bloguemomentus\/wp-json\/wp\/v2\/posts\/2226","targetHints":{"allow":["GET"]}}],"collection":[{"href":"https:\/\/www.prevoir.pt\/bloguemomentus\/wp-json\/wp\/v2\/posts"}],"about":[{"href":"https:\/\/www.prevoir.pt\/bloguemomentus\/wp-json\/wp\/v2\/types\/post"}],"author":[{"embeddable":true,"href":"https:\/\/www.prevoir.pt\/bloguemomentus\/wp-json\/wp\/v2\/users\/2"}],"replies":[{"embeddable":true,"href":"https:\/\/www.prevoir.pt\/bloguemomentus\/wp-json\/wp\/v2\/comments?post=2226"}],"version-history":[{"count":1,"href":"https:\/\/www.prevoir.pt\/bloguemomentus\/wp-json\/wp\/v2\/posts\/2226\/revisions"}],"predecessor-version":[{"id":2551,"href":"https:\/\/www.prevoir.pt\/bloguemomentus\/wp-json\/wp\/v2\/posts\/2226\/revisions\/2551"}],"wp:featuredmedia":[{"embeddable":true,"href":"https:\/\/www.prevoir.pt\/bloguemomentus\/wp-json\/wp\/v2\/media\/1256"}],"wp:attachment":[{"href":"https:\/\/www.prevoir.pt\/bloguemomentus\/wp-json\/wp\/v2\/media?parent=2226"}],"wp:term":[{"taxonomy":"category","embeddable":true,"href":"https:\/\/www.prevoir.pt\/bloguemomentus\/wp-json\/wp\/v2\/categories?post=2226"},{"taxonomy":"post_tag","embeddable":true,"href":"https:\/\/www.prevoir.pt\/bloguemomentus\/wp-json\/wp\/v2\/tags?post=2226"}],"curies":[{"name":"wp","href":"https:\/\/api.w.org\/{rel}","templated":true}]}}