{"id":2229,"date":"2022-11-11T17:35:00","date_gmt":"2022-11-11T17:35:00","guid":{"rendered":"https:\/\/www.prevoir.pt\/bloguemomentus\/?p=698"},"modified":"2026-03-25T10:16:03","modified_gmt":"2026-03-25T10:16:03","slug":"as-8-dicas-essenciais-para-poupar-agua-e-eletricidade-em-casa","status":"publish","type":"post","link":"https:\/\/www.prevoir.pt\/bloguemomentus\/as-8-dicas-essenciais-para-poupar-agua-e-eletricidade-em-casa\/","title":{"rendered":"As 8 Dicas essenciais para poupar \u00e1gua e eletricidade em casa"},"content":{"rendered":"\n<p class=\"has-medium-font-size\">O custo de vida est\u00e1 mais caro! E as contas da eletricidade, g\u00e1s e \u00e1gua n\u00e3o fogem \u00e0 regra. Face a este contexto, o que fazer para otimizar os seus gastos em casa? Descubra algumas dicas que lhe podem ser \u00fateis!<\/p>\n\n\n\n<p>No in\u00edcio de outubro, j\u00e1 foram conhecidos os novos aumentos na eletricidade e no g\u00e1s. Os consumidores ir\u00e3o naturalmente notar a diferen\u00e7a na fatura mensal. Segundo dados da ERSE, em clientes dom\u00e9sticos no mercado regulado, o <strong>aumento traduz-se em cerca de 3% na eletricidade<\/strong>. A instabilidade internacional, decorrente da guerra na Ucr\u00e2nia, tamb\u00e9m est\u00e1 a influenciar o pre\u00e7o do g\u00e1s, a que se junta o aumento da fatura da \u00e1gua, principalmente nos munic\u00edpios onde a seca est\u00e1 a determinar alguma conten\u00e7\u00e3o.<\/p>\n\n\n\n<p>Face ao crescente valor destes bens essenciais, que influenciam o or\u00e7amento familiar mensal, urge a necessidade de encontrar formas de poupar no consumo destes elementos. E pequenos gestos podem fazer a diferen\u00e7a!<\/p>\n\n\n\n<h3 class=\"wp-block-heading\">1. <strong>N\u00e3o esteja sempre com a torneira aberta<\/strong><\/h3>\n\n\n\n<p>\u00c9 ao lavar os dentes, ao utilizar na cozinha ou at\u00e9 no banho. Nem nos apercebemos mas, por vezes, mantemos a torneira aberta mais tempo do que devido. E <strong>fechar a torneira reflete-se no desperd\u00edcio de \u00e1gua<\/strong>, de forma consider\u00e1vel. Segundo uma campanha de sensibiliza\u00e7\u00e3o promovida pelo Grupo \u00c1guas de Portugal e a Ag\u00eancia Portuguesa do Ambiente, cada pessoa pode <strong><a rel=\"noreferrer noopener\" href=\"https:\/\/portaldaagua.pt\/feche-a-torneira\" target=\"_blank\">poupar 12 litros de \u00e1gua, ao fechar a<\/a><a rel=\"noreferrer noopener\" href=\"https:\/\/portaldaagua.pt\/feche-a-torneira\" target=\"_blank\"> <\/a><a rel=\"noreferrer noopener\" href=\"https:\/\/portaldaagua.pt\/feche-a-torneira\" target=\"_blank\">torneira por um minuto<\/a><\/strong>.<\/p>\n\n\n\n<h3 class=\"wp-block-heading\">2. <strong>Verifique perdas de \u00e1gua<\/strong><\/h3>\n\n\n\n<p>Isto pode acontecer numa torneira ou no autoclismo. Se vir umas pingas a cair, n\u00e3o as ignore. Dia ap\u00f3s dia, se n\u00e3o cuidar dessa fuga de \u00e1gua, vai sentir as consequ\u00eancias na sua carteira.<\/p>\n\n\n\n<h3 class=\"wp-block-heading\">3. <strong>Modere o consumo de \u00e1gua no banho<\/strong><\/h3>\n\n\n\n<p>Um banho di\u00e1rio gasta muitos litros de \u00e1gua, se n\u00e3o forem bem aproveitados. Para al\u00e9m da import\u00e2ncia de fechar a torneira enquanto est\u00e1 a usar o champ\u00f4 ou o gel de banho, opte por colocar um recipiente, ao aquecer a \u00e1gua, de modo a que possa utiliz\u00e1-la para outro fim (regar flores ou higiene do ch\u00e3o, por exemplo).<\/p>\n\n\n\n<h3 class=\"wp-block-heading\">4. <strong>D\u00ea um bom uso \u00e0 m\u00e1quina de lavar a roupa<\/strong><\/h3>\n\n\n\n<p>Utilizar de forma inteligente a m\u00e1quina da roupa vai ajud\u00e1-lo a economizar \u00e1gua e eletricidade. Se tem m\u00e1quina com classe energ\u00e9tica A, j\u00e1 est\u00e1 no bom caminho. Para al\u00e9m disso, opte pelos programas mais econ\u00f3micos e use-a na capacidade sugerida.<\/p>\n\n\n\n<h3 class=\"wp-block-heading\">5. <strong>Lave a loi\u00e7a na m\u00e1quina<\/strong><\/h3>\n\n\n\n<p>Pode parecer um contrassenso, mas na realidade n\u00e3o \u00e9. Vai poupar se usar a sua m\u00e1quina da lou\u00e7a. Tanto em termos de caudal de \u00e1gua, como de energia. Opte por&nbsp; lavar a lou\u00e7a quando a m\u00e1quina j\u00e1 est\u00e1 cheia e esque\u00e7a a pr\u00e9-lavagem dos pratos no lava loi\u00e7a.<\/p>\n\n\n\n<h3 class=\"wp-block-heading\">6. <strong>N\u00e3o tenha todos os aparelhos ligados<\/strong><\/h3>\n\n\n\n<p>Mesmo em <em>stand-by<\/em>, os aparelhos eletr\u00f3nicos est\u00e3o a ter um gasto de energia desnecess\u00e1rio. Para ser mais f\u00e1cil a gest\u00e3o no quotidiano, pode optar por temporizadores nas tomadas ou tomadas com corte de corrente integrado, que facilmente s\u00e3o colocadas em <em>off<\/em>.<\/p>\n\n\n\n<h3 class=\"wp-block-heading\">7. <strong>D\u00ea aten\u00e7\u00e3o \u00e0s luzes de casa<\/strong><\/h3>\n\n\n\n<p>Neste ponto, existem v\u00e1rias considera\u00e7\u00f5es que v\u00e3o fazer a diferen\u00e7a no or\u00e7amento mensal. Primeiramente, eduque todos os membros do agregado para que desliguem as luzes sempre que saiam de uma divis\u00e3o. \u00c9 muito comum que, sem notar, tenha luzes da cozinha, quartos e wc\u2019s ligados ao mesmo tempo e sem necessidade.<\/p>\n\n\n\n<p>Para al\u00e9m disso, se ainda tem l\u00e2mpadas de outro tipo que n\u00e3o LED, est\u00e1 no tempo de investir nesta op\u00e7\u00e3o, consideravelmente mais econ\u00f3mica em termos de custos mensais.<\/p>\n\n\n\n<h3 class=\"wp-block-heading\">8. <strong>Otimize os gastos na cozinha<\/strong><\/h3>\n\n\n\n<p>O forno \u00e9 dos eletrodom\u00e9sticos mais dispendiosos nesta divis\u00e3o. Por isso, quando optar por cozinhar neste equipamento, programe a refei\u00e7\u00e3o para poder utilizar o forno para diversos alimentos. Evite, tamb\u00e9m, estar sempre a abrir a porta do forno, para n\u00e3o perder a efici\u00eancia.&nbsp;<\/p>\n\n\n\n<p>O mesmo acontecer\u00e1 com a porta do frigor\u00edfico, que gastar\u00e1 mais se a porta estiver sempre a ser utilizada.&nbsp;<\/p>\n\n\n\n<p>Esperamos que estas dicas sejam \u00fateis e que ajudem os agregados familiares a controlar os custos de vida, cada vez mais elevados!<\/p>\n","protected":false},"excerpt":{"rendered":"<p>O custo de vida est\u00e1 mais caro! As contas da luz, g\u00e1s e \u00e1gua n\u00e3o fogem \u00e0 regra. Descubra algumas dicas \u00fateis, para otimizar os seus gastos&#8230;<\/p>\n","protected":false},"author":2,"featured_media":1259,"comment_status":"closed","ping_status":"closed","sticky":false,"template":"","format":"standard","meta":{"footnotes":""},"categories":[1,5],"tags":[29],"class_list":["post-2229","post","type-post","status-publish","format-standard","has-post-thumbnail","hentry","category-familia","category-poupanca","tag-poupanca"],"_links":{"self":[{"href":"https:\/\/www.prevoir.pt\/bloguemomentus\/wp-json\/wp\/v2\/posts\/2229","targetHints":{"allow":["GET"]}}],"collection":[{"href":"https:\/\/www.prevoir.pt\/bloguemomentus\/wp-json\/wp\/v2\/posts"}],"about":[{"href":"https:\/\/www.prevoir.pt\/bloguemomentus\/wp-json\/wp\/v2\/types\/post"}],"author":[{"embeddable":true,"href":"https:\/\/www.prevoir.pt\/bloguemomentus\/wp-json\/wp\/v2\/users\/2"}],"replies":[{"embeddable":true,"href":"https:\/\/www.prevoir.pt\/bloguemomentus\/wp-json\/wp\/v2\/comments?post=2229"}],"version-history":[{"count":1,"href":"https:\/\/www.prevoir.pt\/bloguemomentus\/wp-json\/wp\/v2\/posts\/2229\/revisions"}],"predecessor-version":[{"id":2548,"href":"https:\/\/www.prevoir.pt\/bloguemomentus\/wp-json\/wp\/v2\/posts\/2229\/revisions\/2548"}],"wp:featuredmedia":[{"embeddable":true,"href":"https:\/\/www.prevoir.pt\/bloguemomentus\/wp-json\/wp\/v2\/media\/1259"}],"wp:attachment":[{"href":"https:\/\/www.prevoir.pt\/bloguemomentus\/wp-json\/wp\/v2\/media?parent=2229"}],"wp:term":[{"taxonomy":"category","embeddable":true,"href":"https:\/\/www.prevoir.pt\/bloguemomentus\/wp-json\/wp\/v2\/categories?post=2229"},{"taxonomy":"post_tag","embeddable":true,"href":"https:\/\/www.prevoir.pt\/bloguemomentus\/wp-json\/wp\/v2\/tags?post=2229"}],"curies":[{"name":"wp","href":"https:\/\/api.w.org\/{rel}","templated":true}]}}