{"id":2232,"date":"2022-11-22T16:15:03","date_gmt":"2022-11-22T16:15:03","guid":{"rendered":"https:\/\/www.prevoir.pt\/bloguemomentus\/?p=713"},"modified":"2026-03-25T10:15:47","modified_gmt":"2026-03-25T10:15:47","slug":"black-friday-e-cybermonday-dicas-para-compras-conscientes","status":"publish","type":"post","link":"https:\/\/www.prevoir.pt\/bloguemomentus\/black-friday-e-cybermonday-dicas-para-compras-conscientes\/","title":{"rendered":"Black Friday e Cybermonday &#8211; Dicas para compras conscientes"},"content":{"rendered":"\n<p class=\"has-medium-font-size\">Em 2022, estas duas datas s\u00e3o marcadas por um clima de incerteza econ\u00f3mico mundial, o que influencia a forma como as pessoas encaram o consumo. Mesmo assim, \u00e9 um dos momentos com maior quantidade de transa\u00e7\u00f5es do ano, pelo que \u00e9 importante n\u00e3o se cair no exagero.<\/p>\n\n\n\n<p>A tradi\u00e7\u00e3o herdada dos EUA, onde ap\u00f3s o Dia de A\u00e7\u00e3o de Gra\u00e7as se dava in\u00edcio \u00e0 temporada de compras natal\u00edcias, rapidamente se espalhou por todo o planeta e \u00e9, agora, fen\u00f3meno mundial de vendas. Podemos considerar que o termo \u201cBlack Friday\u201d j\u00e1 \u00e9 reconhecido por grande parte das pessoas e \u00e9 sempre um sucesso de vendas. A ele juntou-se, em 2005, a \u201cCybermonday\u201d como impulso adicional \u00e0s compras de final do ano.<\/p>\n\n\n\n<p>&nbsp;Atualmente, para o com\u00e9rcio, estes s\u00e3o consideramos dois dos dias mais importantes em termos de fatura\u00e7\u00e3o anual. Apesar do clima de incerteza, em termos econ\u00f3micos, mais de 60% dos portugueses tem a inten\u00e7\u00e3o de comprar nesta \u00e9poca, <strong>prevendo gastar mais do que 300\u20ac<\/strong>, segundo o estudo Black Friday 2022, elaborado pela NetSonda para a Worten, partilhado com o +M\/ECO e citado pela CNN Portugal. <strong>E o que tanto procuram os consumidores? <\/strong>Em 2021, no topo das pesquisas mundiais estiveram os artigos de tecnologia, moda\/acess\u00f3rios e os eletrodom\u00e9sticos.<\/p>\n\n\n\n<p>Mas, cada vez mais, existe o outro lado de datas como estas que apelam ao consumo, nomeadamente, em termos de <strong>preocupa\u00e7\u00f5es com a sustentabilidade<\/strong>. O consumo desmedido de bens de menor valor \u2013 tais como os t\u00eaxteis de pre\u00e7o baixo \u2013 gera quantidades enormes de lixo. Segundo dados divulgados pela Ag\u00eancia Portuguesa do Ambiente, <strong>Portugal deita ao lixo cerca de 4 toneladas de roupa por semana. <\/strong>A acrescer a isto, est\u00e1 o uso de produtos nocivos para o ambiente nos seus processos de produ\u00e7\u00e3o, para que os custos sejam os menores poss\u00edveis.<\/p>\n\n\n\n<p>Assim, o conceito de compras conscientes faz todo o sentido no contexto atual!&nbsp; Com as dicas seguintes poder\u00e1 conseguir um bom equil\u00edbrio durante este per\u00edodo:<\/p>\n\n\n\n<h3 class=\"wp-block-heading\">1. <strong>N\u00e3o compre por impulso<\/strong><\/h3>\n\n\n\n<p>Sem d\u00favida, esta dica \u00e9 essencial. Tanto apelo ao consumo pode faz\u00ea-lo ter a sensa\u00e7\u00e3o de urg\u00eancia face a alguns produtos. Antes de adquirir, pondere um pouco sobre o artigo que est\u00e1 a comprar. Vai mesmo precisar dele? \u00c9 importante t\u00ea-lo neste momento? De que forma vai facilitar-lhe a vida?<\/p>\n\n\n\n<h3 class=\"wp-block-heading\">2. <strong>Fa\u00e7a uma lista de tudo o que precisa<\/strong><\/h3>\n\n\n\n<p>Guie-se por essa lista e n\u00e3o caia na tenta\u00e7\u00e3o de se desviar do planeado. Com essa listagem ir\u00e1 conseguir planear, tamb\u00e9m, antecipadamente, as suas compras acompanhando o pre\u00e7o dos produtos ao longo do tempo.<\/p>\n\n\n\n<h3 class=\"wp-block-heading\"><strong>3. Esteja atento aos pre\u00e7os promocionais<\/strong><\/h3>\n\n\n\n<p>O valor de desconto parece-lhe bom demais para ser verdade? Ent\u00e3o, pode dar-se o caso de estar perante uma publicidade enganosa. Atente que deve ser sempre indicado o valor do pre\u00e7o do produto antes da promo\u00e7\u00e3o, o desconto e o valor a pagar. O produto, antes da promo\u00e7\u00e3o, dever\u00e1 ter o pre\u00e7o praticado nos \u00faltimos 30 dias consecutivos anteriores, naquela loja.<\/p>\n\n\n\n<h3 class=\"wp-block-heading\"><strong>4. Privilegie o online<\/strong><\/h3>\n\n\n\n<p>Para al\u00e9m de se livrar de aglomerados e filas para o pagamento, comprar online permite-lhe uma maior pondera\u00e7\u00e3o e a facilidade de realizar alguns comparativos. Assim, conseguir\u00e1, certamente, melhores promo\u00e7\u00f5es!<\/p>\n\n\n\n<h3 class=\"wp-block-heading\"><strong>5. Pense no ambiente<\/strong><\/h3>\n\n\n\n<p>Necessita mesmo do produto que vai comprar? N\u00e3o se deixe levar pelo consumismo e pondere o impacto que os produtos que est\u00e1 a adquirir ir\u00e3o ter no futuro do planeta. Se estivermos a gerar constantemente mais lixo, torna-se uma tarefa muito dif\u00edcil livrarmo-nos dele mais para a frente.<\/p>\n\n\n\n<h3 class=\"wp-block-heading\">6. <strong>D\u00ea uma oportunidade aos produtos em 2\u00aa m\u00e3o ou com menor pegada para o planeta<\/strong><\/h3>\n\n\n\n<p>&nbsp;Antes de comprar produtos novos, j\u00e1 ponderou analisar as op\u00e7\u00f5es existentes em 2\u00aa m\u00e3o? Para al\u00e9m de ajudar o ambiente, est\u00e1 a poupar. Em alternativa, se n\u00e3o for poss\u00edvel, opte por artigos mais \u201camigos\u201d da natureza, com materiais reciclados ou com certificados energ\u00e9ticos mais equilibrados.<\/p>\n\n\n\n<p>A Black Friday e a Cybermonday est\u00e3o a\u00ed, seja consciente acima de tudo e, se for o caso, boas compras!<\/p>\n","protected":false},"excerpt":{"rendered":"<p>Em 2022, estas duas datas s\u00e3o marcadas por um clima de incerteza econ\u00f3mico mundial, o que influencia a forma como as pessoas encaram o consumo. Mesmo assim, \u00e9 um dos momentos com maior quantidade de transa\u00e7\u00f5es do ano, pelo que \u00e9 importante n\u00e3o se cair no exagero.<\/p>\n","protected":false},"author":2,"featured_media":1264,"comment_status":"closed","ping_status":"closed","sticky":false,"template":"","format":"standard","meta":{"footnotes":""},"categories":[1,5],"tags":[29],"class_list":["post-2232","post","type-post","status-publish","format-standard","has-post-thumbnail","hentry","category-familia","category-poupanca","tag-poupanca"],"_links":{"self":[{"href":"https:\/\/www.prevoir.pt\/bloguemomentus\/wp-json\/wp\/v2\/posts\/2232","targetHints":{"allow":["GET"]}}],"collection":[{"href":"https:\/\/www.prevoir.pt\/bloguemomentus\/wp-json\/wp\/v2\/posts"}],"about":[{"href":"https:\/\/www.prevoir.pt\/bloguemomentus\/wp-json\/wp\/v2\/types\/post"}],"author":[{"embeddable":true,"href":"https:\/\/www.prevoir.pt\/bloguemomentus\/wp-json\/wp\/v2\/users\/2"}],"replies":[{"embeddable":true,"href":"https:\/\/www.prevoir.pt\/bloguemomentus\/wp-json\/wp\/v2\/comments?post=2232"}],"version-history":[{"count":1,"href":"https:\/\/www.prevoir.pt\/bloguemomentus\/wp-json\/wp\/v2\/posts\/2232\/revisions"}],"predecessor-version":[{"id":2545,"href":"https:\/\/www.prevoir.pt\/bloguemomentus\/wp-json\/wp\/v2\/posts\/2232\/revisions\/2545"}],"wp:featuredmedia":[{"embeddable":true,"href":"https:\/\/www.prevoir.pt\/bloguemomentus\/wp-json\/wp\/v2\/media\/1264"}],"wp:attachment":[{"href":"https:\/\/www.prevoir.pt\/bloguemomentus\/wp-json\/wp\/v2\/media?parent=2232"}],"wp:term":[{"taxonomy":"category","embeddable":true,"href":"https:\/\/www.prevoir.pt\/bloguemomentus\/wp-json\/wp\/v2\/categories?post=2232"},{"taxonomy":"post_tag","embeddable":true,"href":"https:\/\/www.prevoir.pt\/bloguemomentus\/wp-json\/wp\/v2\/tags?post=2232"}],"curies":[{"name":"wp","href":"https:\/\/api.w.org\/{rel}","templated":true}]}}