{"id":2237,"date":"2022-12-30T11:31:55","date_gmt":"2022-12-30T11:31:55","guid":{"rendered":"https:\/\/www.prevoir.pt\/bloguemomentus\/?p=749"},"modified":"2026-03-25T10:15:01","modified_gmt":"2026-03-25T10:15:01","slug":"como-garantir-a-seguranca-ao-volante","status":"publish","type":"post","link":"https:\/\/www.prevoir.pt\/bloguemomentus\/como-garantir-a-seguranca-ao-volante\/","title":{"rendered":"Como garantir a seguran\u00e7a ao volante?"},"content":{"rendered":"\n<p class=\"has-medium-font-size\">Todos temos a perce\u00e7\u00e3o do qu\u00e3o importante \u00e9 ter toda a aten\u00e7\u00e3o quando se est\u00e1 a conduzir. No entanto, a sinistralidade rodovi\u00e1ria \u00e9 uma realidade e diminuir o n\u00famero de acidentes est\u00e1 na m\u00e3o de todos. Saiba como pode ajudar!<\/p>\n\n\n\n<p>A realidade das estradas portuguesas n\u00e3o \u00e9 a mais animadora. Existem, ainda, muitos acidentes dos quais resultam um n\u00famero consider\u00e1vel de feridos ligeiros, graves ou mortes. Muitos sonhos ficam por realizar e muitos projetos de vida n\u00e3o se concretizam por diversas raz\u00f5es que levam a que um epis\u00f3dio inesperado aconte\u00e7a. Em 2021, foram mais de 28.000 acidentes, 389 mortos, 2.093 feridos graves e 34.000 feridos ligeiros, segundo dados anunciados pela Autoridade Nacional de Seguran\u00e7a Rodovi\u00e1ria (ANSR). Considerando estas estat\u00edsticas, todos podemos fazer parte da solu\u00e7\u00e3o, atrav\u00e9s da ado\u00e7\u00e3o de comportamentos preventivos na estrada. Sejamos n\u00f3s pe\u00f5es, condutores ou passageiros.<\/p>\n\n\n\n<p>Estar <strong>seguro ao volante \u00e9 vital<\/strong> para se conseguir evitar, atempadamente, acidentes. A sinistralidade rodovi\u00e1ria lidera as causas de morte e invalidez em todo o mundo, pelo que deve zelar pelo seu bem-estar e pelo dos outros.<\/p>\n\n\n\n<p>S\u00e3o diversos os aspetos a que deve estar atento durante um trajeto de autom\u00f3vel, de motociclo ou noutro ve\u00edculo que ocupe a faixa de rodagem. O mesmo se aplica a quem se desloca a p\u00e9. Ao praticar h\u00e1bitos de condu\u00e7\u00e3o seguros, est\u00e1 a contribuir para um futuro mais risonho, no que a este tema diz respeito.&nbsp;<\/p>\n\n\n\n<h2 class=\"wp-block-heading\">Particularmente, quando se desloca de autom\u00f3vel, s\u00e3o v\u00e1rias as sugest\u00f5es que pode implementar no seu dia a dia:<\/h2>\n\n\n\n<ul class=\"wp-block-list\"><li><strong>Respeite<\/strong>, na \u00edntegra, todos os <strong>sinais de tr\u00e2nsito e limites impostos<\/strong> pela legisla\u00e7\u00e3o.<\/li><li><strong>Fa\u00e7a uma manuten\u00e7\u00e3o cuidada do seu ve\u00edculo.<\/strong> Tenha-o, sempre, em bom estado de conserva\u00e7\u00e3o e com todos os componentes em pleno funcionamento. Uma especial aten\u00e7\u00e3o para os pneus, trav\u00f5es e outros sistemas de seguran\u00e7a.<\/li><li>Tenha uma <strong>condu\u00e7\u00e3o atenta e sempre cautelosa<\/strong>. Do nada, podem surgir outros autom\u00f3veis ou pe\u00f5es.<\/li><li><strong>Evite as distra\u00e7\u00f5es e o uso do telem\u00f3vel<\/strong>. Um segundo apenas com os olhos postos fora da estrada podem ser a causa de um acidente.<\/li><li>Em <strong>viagens longas, planeie com anteced\u00eancia a rota<\/strong> e considere tempo para pausas durante a desloca\u00e7\u00e3o. Areje, tamb\u00e9m, convenientemente, o ve\u00edculo para evitar condu\u00e7\u00f5es sonolentas.<\/li><li>Todos os passageiros devem <strong>usar, sempre, o cinto de seguran\u00e7a<\/strong>.<\/li><li><strong>N\u00e3o consuma \u00e1lcool ou outras subst\u00e2ncias il\u00edcitas<\/strong> se tem nas suas m\u00e3os um autom\u00f3vel.<\/li><li><strong>Respeite os limites de velocidade <\/strong>e adeque-os \u00e0s condi\u00e7\u00f5es atmosf\u00e9ricas. Se est\u00e1 um dia de chuva ou nevoeiro, a visibilidade fica, notoriamente, afetada.&nbsp;<\/li><li><strong>Mude de faixa de rodagem em seguran\u00e7a. <\/strong>Cada a\u00e7\u00e3o na estrada deve ser ponderada e realizada com calma. N\u00e3o fa\u00e7a manobras bruscas.<\/li><li><strong>Se viaja com crian\u00e7as<\/strong>, tenha uma aten\u00e7\u00e3o redobrada \u00e0 estrada e aos sistemas de reten\u00e7\u00e3o infantil, para que estejam bem instalados.<\/li><\/ul>\n\n\n\n<h3 class=\"wp-block-heading\"><strong>Prote\u00e7\u00e3o extra ao volante<\/strong><\/h3>\n\n\n\n<p>Para al\u00e9m dos seguros autom\u00f3vel obrigat\u00f3rios por lei, existem outras solu\u00e7\u00f5es para uma prote\u00e7\u00e3o extra, dedicadas a quem circula muito na estrada. \u00c9 o caso do <a href=\"https:\/\/www.prevoir.pt\/familia-prevoir-solucao-total\">PR\u00c9VOIR Solu\u00e7\u00e3o Total<\/a>, que \u00e9 um seguro de vida que o pode&nbsp; proteger em caso de de acidente, ajudando-o a fazer face a despesas financeiras inesperadas, resultantes de um acidente de circula\u00e7\u00e3o. Esta prote\u00e7\u00e3o pode incluir um capital Morte\/IAD de at\u00e9 50.000\u20ac neste tipo de acidentes e subs\u00eddio di\u00e1rio em caso de Hospitaliza\u00e7\u00e3o ou Convalescen\u00e7a.<\/p>\n\n\n\n<p><a href=\"https:\/\/www.prevoir.pt\/pesquisa-de-mediadores-prevoir\">Aconselhe-se com um mediador PR\u00c9VOIR&nbsp;<\/a> e viva a vida em pleno, com a consci\u00eancia de como uma prote\u00e7\u00e3o adicional pode fazer toda a diferen\u00e7a!<\/p>\n","protected":false},"excerpt":{"rendered":"<p>Todos temos a perce\u00e7\u00e3o do qu\u00e3o importante \u00e9 ter toda a aten\u00e7\u00e3o quando se est\u00e1 a conduzir. Diminuir o n\u00famero de acidentes est\u00e1 na m\u00e3o de todos&#8230;<\/p>\n","protected":false},"author":2,"featured_media":1273,"comment_status":"closed","ping_status":"closed","sticky":false,"template":"","format":"standard","meta":{"footnotes":""},"categories":[6],"tags":[22],"class_list":["post-2237","post","type-post","status-publish","format-standard","has-post-thumbnail","hentry","category-seguranca","tag-seguranca"],"_links":{"self":[{"href":"https:\/\/www.prevoir.pt\/bloguemomentus\/wp-json\/wp\/v2\/posts\/2237","targetHints":{"allow":["GET"]}}],"collection":[{"href":"https:\/\/www.prevoir.pt\/bloguemomentus\/wp-json\/wp\/v2\/posts"}],"about":[{"href":"https:\/\/www.prevoir.pt\/bloguemomentus\/wp-json\/wp\/v2\/types\/post"}],"author":[{"embeddable":true,"href":"https:\/\/www.prevoir.pt\/bloguemomentus\/wp-json\/wp\/v2\/users\/2"}],"replies":[{"embeddable":true,"href":"https:\/\/www.prevoir.pt\/bloguemomentus\/wp-json\/wp\/v2\/comments?post=2237"}],"version-history":[{"count":1,"href":"https:\/\/www.prevoir.pt\/bloguemomentus\/wp-json\/wp\/v2\/posts\/2237\/revisions"}],"predecessor-version":[{"id":2540,"href":"https:\/\/www.prevoir.pt\/bloguemomentus\/wp-json\/wp\/v2\/posts\/2237\/revisions\/2540"}],"wp:featuredmedia":[{"embeddable":true,"href":"https:\/\/www.prevoir.pt\/bloguemomentus\/wp-json\/wp\/v2\/media\/1273"}],"wp:attachment":[{"href":"https:\/\/www.prevoir.pt\/bloguemomentus\/wp-json\/wp\/v2\/media?parent=2237"}],"wp:term":[{"taxonomy":"category","embeddable":true,"href":"https:\/\/www.prevoir.pt\/bloguemomentus\/wp-json\/wp\/v2\/categories?post=2237"},{"taxonomy":"post_tag","embeddable":true,"href":"https:\/\/www.prevoir.pt\/bloguemomentus\/wp-json\/wp\/v2\/tags?post=2237"}],"curies":[{"name":"wp","href":"https:\/\/api.w.org\/{rel}","templated":true}]}}