{"id":2243,"date":"2023-02-14T15:39:10","date_gmt":"2023-02-14T15:39:10","guid":{"rendered":"https:\/\/www.prevoir.pt\/bloguemomentus\/?p=783"},"modified":"2026-03-25T10:13:53","modified_gmt":"2026-03-25T10:13:53","slug":"as-principais-vantagens-de-um-seguro-na-protecao-contra-o-cancro","status":"publish","type":"post","link":"https:\/\/www.prevoir.pt\/bloguemomentus\/as-principais-vantagens-de-um-seguro-na-protecao-contra-o-cancro\/","title":{"rendered":"As principais vantagens de um seguro na prote\u00e7\u00e3o contra o cancro"},"content":{"rendered":"\n<p class=\"has-medium-font-size\">Todos receamos um diagn\u00f3stico que nos coloque na luta contra um cancro. Uma das doen\u00e7as mais temidas pelos portugueses \u00e9, cada vez mais, uma realidade. Com a prote\u00e7\u00e3o adequada, os maiores desafios da vida s\u00e3o enfrentados com mais confian\u00e7a. Conhe\u00e7a as principais vantagens!<\/p>\n\n\n\n<p>A 04 de fevereiro, celebrou-se o <strong>Dia Mundial da Luta Contra o Cancro<\/strong>, uma data assinalada desde 2000 pela Uni\u00e3o Internacional de Controlo do Cancro, para consciencializa\u00e7\u00e3o sobre esta doen\u00e7a. Desde ent\u00e3o, diversas entidades preparam, para este dia, iniciativas que visam ajudar a entender o cancro e como o enfrentar. A <a href=\"https:\/\/www.ligacontracancro.pt\/\" target=\"_blank\" rel=\"noreferrer noopener\">Liga Portuguesa Contra o Cancro<\/a> \u00e9 uma delas. Para esta associa\u00e7\u00e3o, <em>\u201co cancro \u00e9 um dos maiores desafios de sa\u00fade p\u00fablica<\/em>\u201d. Com o n\u00famero de casos a aumentar de ano para ano, \u00e9 fundamental sensibilizar e, ao mesmo tempo, desmistificar alguns conceitos \u00e0 volta desta doen\u00e7a.<\/p>\n\n\n\n<p>Um dos pontos essenciais passa pela <strong>preven\u00e7\u00e3o<\/strong>. Um <strong>ter\u00e7o dos casos de cancro pode ser evitado<\/strong>, se a dete\u00e7\u00e3o for precoce, de acordo com a Liga Portuguesa Contra o Cancro, que real\u00e7a que \u201coutro ter\u00e7o pode ser curado, quando descoberto no momento em que os tratamentos ser\u00e3o eficazes\u201d. Atualmente, o <strong>cancro \u00e9 a 2\u00aa causa de morte em Portugal<\/strong>. S\u00f3 as doen\u00e7as cardiovasculares ultrapassam estes n\u00fameros. E \u00e9 uma realidade pr\u00f3xima de cada vez mais fam\u00edlias, considerando que a <strong>taxa de incid\u00eancia aumenta 3% ao ano<\/strong>, segundo dados do Observat\u00f3rio Global do Cancro.<\/p>\n\n\n\n<p>O <strong>impacto desta doen\u00e7a \u00e9 global a toda a sociedade<\/strong> visto que n\u00e3o afeta, exclusivamente, as faixas et\u00e1rias mais idosas. H\u00e1 cada vez mais diagn\u00f3sticos em pessoas mais jovens, fruto de m\u00faltiplos fatores, tais como altera\u00e7\u00f5es gen\u00e9ticas, alimenta\u00e7\u00e3o inadequada, <em>stress<\/em> ou sedentarismo.<\/p>\n\n\n\n<p>Considerando todo este enquadramento, a escolha de uma prote\u00e7\u00e3o focada neste tema \u00e9 quase obrigat\u00f3ria. Num momento t\u00e3o delicado como num diagn\u00f3stico de cancro, ter ao seu lado os meios necess\u00e1rios para garantir que o equil\u00edbrio financeiro est\u00e1 assegurado, \u00e9 essencial!<\/p>\n\n\n\n<h2 class=\"wp-block-heading\"><strong>E quais as principais vantagens de um seguro no diagn\u00f3stico de um cancro?<\/strong><\/h2>\n\n\n\n<ul class=\"wp-block-list\">\n<li><strong>Fazer face a despesas adicionais inesperadas. <\/strong>Dependendo dos resultados dos exames, os tratamentos podem ter custos bem superiores ao que algum dia poderia imaginar. Para al\u00e9m destes, existem outros, tais como a necessidade de adapta\u00e7\u00e3o do domic\u00edlio ou a compra de pr\u00f3tese capilar e a guarda dos filhos.<\/li>\n<\/ul>\n\n\n\n<ul class=\"wp-block-list\">\n<li><strong>Equil\u00edbrio financeiro pessoal e\/ou familiar.<\/strong> O per\u00edodo de inatividade profissional pode ser alargado, pelo que \u00e9 uma mais-valia ter um apoio financeiro de uma previd\u00eancia que possibilite um complemento de rendimentos durante o per\u00edodo de recupera\u00e7\u00e3o e que auxilie a sua fam\u00edlia num momento t\u00e3o delicado como este.<\/li>\n<\/ul>\n\n\n\n<ul class=\"wp-block-list\">\n<li><strong>Prote\u00e7\u00e3o refor\u00e7ada \u00e0 medida das necessidades, <\/strong>que pode dar acesso acuidados m\u00e9dicos diferenciados, atrav\u00e9s da antecipa\u00e7\u00e3o do capital assegurado em contrato.\u00a0<\/li>\n<\/ul>\n\n\n\n<p>Dependendo do tipo de seguro \u2013 um seguro de vida mais espec\u00edfico para as doen\u00e7as ou um seguro de sa\u00fade &#8211; poder\u00e1 ter acesso a consultas de especialidade, 2\u00aa opini\u00e3o m\u00e9dica ou um capital que poder\u00e1 utilizar para as finalidades que forem mais importantes para si.<\/p>\n\n\n\n<h2 class=\"wp-block-heading\"><strong>A prote\u00e7\u00e3o PR\u00c9VOIR para este contexto&#8230;<\/strong><\/h2>\n\n\n\n<p>Considerando o n\u00famero elevado de pessoas que enfrentam ou podem vir a enfrentar um cancro, foi essencial para a PR\u00c9VOIR dar prioridade a solu\u00e7\u00f5es que pudessem disponibilizar uma resposta adequada a este desafio:<\/p>\n\n\n\n<ul class=\"wp-block-list\">\n<li>O <strong><a href=\"https:\/\/www.prevoir.pt\/familia-prevoir-solucoes-vida\" target=\"_blank\" rel=\"noreferrer noopener\">PR\u00c9VOIR Solu\u00e7\u00f5es Vida<\/a><\/strong> \u00e9 o seguro de vida focado nas doen\u00e7as graves. As garantias adicionais de Diagn\u00f3stico de Cancro (invasivo ou n\u00e3o invasivo), existentes no m\u00f3dulo doen\u00e7a ou no m\u00f3dulo de subscri\u00e7\u00e3o livre, permitem usufuir de uma prote\u00e7\u00e3o muito completa. O subs\u00eddio di\u00e1rio at\u00e9 200\u20ac, em caso de hospitaliza\u00e7\u00e3o, e a possibilidade de antecipa\u00e7\u00e3o de parte do capital seguro s\u00e3o fatores muito valorizados nesta solu\u00e7\u00e3o de prote\u00e7\u00e3o.<\/li>\n<\/ul>\n\n\n\n<ul class=\"wp-block-list\">\n<li>A inclus\u00e3o da garantia de Diagn\u00f3stico de Cancro, sem custo adicional para o segurado, no <strong><a href=\"https:\/\/www.prevoir.pt\/credito-habitacao-prevoir-vida-domus\">PR\u00c9VOIR Vida Domus<\/a><\/strong>, tornou este seguro de vida do cr\u00e9dito habita\u00e7\u00e3o diferenciador, considerando que num investimento t\u00e3o importante como numa casa, queremos um plano B, caso algum <strong>imprevisto coloque obst\u00e1culos no caminho.<\/strong> Esta garantia permite que, em caso de cancro, lhe seja paga parte do capital Morte\/IAD, com <strong>limite de 50.000\u20ac<\/strong>, de acordo com a anuidade em que ocorre este epis\u00f3dio inesperado. Este valor monet\u00e1rio poder\u00e1 ser de extrema utilidade para um apoio financeiro \u00e0 fam\u00edlia, tratamentos adicionais ou contrata\u00e7\u00e3o de apoio de terceiros.<\/li>\n\n\n\n<li><\/li>\n<\/ul>\n\n\n\n<p>Se precisa de um aconselhamento especializado, conte com a sensibilidade e conhecimento dos <a href=\"https:\/\/www.prevoir.pt\/pesquisa-de-mediadores-prevoir\" target=\"_blank\" rel=\"noreferrer noopener\">mediadores PR\u00c9VOIR<\/a> para o ajudar a alcan\u00e7ar a prote\u00e7\u00e3o mais enquadrada com a fase de vida que possa estar a viver. &nbsp;&nbsp;<\/p>\n","protected":false},"excerpt":{"rendered":"<p>Uma das doen\u00e7as mais temidas pelos portugueses \u00e9, cada vez mais, uma realidade. Os desafios da vida s\u00e3o enfrentados com + confian\u00e7a com a prote\u00e7\u00e3o adequada&#8230;<\/p>\n","protected":false},"author":2,"featured_media":1284,"comment_status":"closed","ping_status":"closed","sticky":false,"template":"","format":"standard","meta":{"footnotes":""},"categories":[1,7],"tags":[30],"class_list":["post-2243","post","type-post","status-publish","format-standard","has-post-thumbnail","hentry","category-familia","category-saude","tag-seguro-doencas-graves"],"_links":{"self":[{"href":"https:\/\/www.prevoir.pt\/bloguemomentus\/wp-json\/wp\/v2\/posts\/2243","targetHints":{"allow":["GET"]}}],"collection":[{"href":"https:\/\/www.prevoir.pt\/bloguemomentus\/wp-json\/wp\/v2\/posts"}],"about":[{"href":"https:\/\/www.prevoir.pt\/bloguemomentus\/wp-json\/wp\/v2\/types\/post"}],"author":[{"embeddable":true,"href":"https:\/\/www.prevoir.pt\/bloguemomentus\/wp-json\/wp\/v2\/users\/2"}],"replies":[{"embeddable":true,"href":"https:\/\/www.prevoir.pt\/bloguemomentus\/wp-json\/wp\/v2\/comments?post=2243"}],"version-history":[{"count":1,"href":"https:\/\/www.prevoir.pt\/bloguemomentus\/wp-json\/wp\/v2\/posts\/2243\/revisions"}],"predecessor-version":[{"id":2534,"href":"https:\/\/www.prevoir.pt\/bloguemomentus\/wp-json\/wp\/v2\/posts\/2243\/revisions\/2534"}],"wp:featuredmedia":[{"embeddable":true,"href":"https:\/\/www.prevoir.pt\/bloguemomentus\/wp-json\/wp\/v2\/media\/1284"}],"wp:attachment":[{"href":"https:\/\/www.prevoir.pt\/bloguemomentus\/wp-json\/wp\/v2\/media?parent=2243"}],"wp:term":[{"taxonomy":"category","embeddable":true,"href":"https:\/\/www.prevoir.pt\/bloguemomentus\/wp-json\/wp\/v2\/categories?post=2243"},{"taxonomy":"post_tag","embeddable":true,"href":"https:\/\/www.prevoir.pt\/bloguemomentus\/wp-json\/wp\/v2\/tags?post=2243"}],"curies":[{"name":"wp","href":"https:\/\/api.w.org\/{rel}","templated":true}]}}