{"id":2248,"date":"2023-03-29T10:03:37","date_gmt":"2023-03-29T10:03:37","guid":{"rendered":"https:\/\/www.prevoir.pt\/bloguemomentus\/?p=821"},"modified":"2026-03-25T10:12:15","modified_gmt":"2026-03-25T10:12:15","slug":"saiba-como-agir-para-prevenir-um-avc","status":"publish","type":"post","link":"https:\/\/www.prevoir.pt\/bloguemomentus\/saiba-como-agir-para-prevenir-um-avc\/","title":{"rendered":"Saiba como agir para prevenir um AVC"},"content":{"rendered":"\n<p class=\"has-medium-font-size\">Os n\u00fameros n\u00e3o enganam: a cada hora tr\u00eas portugueses sofrem um Acidente Vascular Cerebral (AVC). E se existem fatores que n\u00e3o podem ser pass\u00edveis de interven\u00e7\u00e3o, muito podemos fazer em termos de preven\u00e7\u00e3o. Saiba como, no quotidiano, pode adotar medidas que o ajudar\u00e3o a ter uma vida longa e saud\u00e1vel.<\/p>\n\n\n\n<p><\/p>\n\n\n\n<p><\/p>\n\n\n\n<p>Apesar de ser a <strong>principal causa de morte e incapacidade em Portugal<\/strong> e uma das cimeiras em todo o mundo, existe, ainda, muito desconhecimento e muitos mitos associados a esta doen\u00e7a. Os adultos com <strong>mais de 55 anos s\u00e3o os principais alvos deste problema de sa\u00fade<\/strong>, mas esta quest\u00e3o n\u00e3o \u00e9 exclusiva desta faixa et\u00e1ria.<\/p>\n\n\n\n<p>Antes de mais, importa entender o que \u00e9 um AVC e de que forma se comporta. Esta doen\u00e7a ocorre quando o fornecimento de sangue para uma parte do c\u00e9rebro \u00e9 interrompida. Isto ocorre, geralmente, devido a um co\u00e1gulo sangu\u00edneo ou uma hemorragia celebral, impedindo que c\u00e9rebro receba o oxig\u00e9nio e nutrientes que necessita para o funcionamento habitual. Com esta priva\u00e7\u00e3o, a morte das c\u00e9lulas deste local \u00e9 muito r\u00e1pida e causa danos permanentes ou, mesmo, a morte. Os <strong>AVC\u2019s dividem-se em dois grandes tipos<\/strong>: <strong>isqu\u00e9mico<\/strong>, quando a origem \u00e9 um co\u00e1gulo sangu\u00edneo que est\u00e1 a bloquear uma art\u00e9ria do c\u00e9rebro ou <strong>hemorr\u00e1gico<\/strong>, quando um vaso sangu\u00edneo \u00e9 rompido e invade o tecido cerebral.<\/p>\n\n\n\n<p>A preval\u00eancia desta doen\u00e7a em Portugal \u00e9 muito elevada, segundo dados da Sociedade Portuguesa de Acidente Vascular Cerebral (SPAVC). <strong>1 em 6 portugueses poder\u00e1 vir a sofrer um AVC ao longo da vida.<\/strong><\/p>\n\n\n\n<h3 class=\"wp-block-heading\"><strong>Aspetos essenciais a saber sobre o AVC<\/strong><\/h3>\n\n\n\n<ul class=\"wp-block-list\"><li>Sabia que quanto <strong>mais cedo se agir num epis\u00f3dio de AVC<\/strong>, maior ser\u00e1 a probabilidade de o seu tratamento ser <strong>eficaz<\/strong>?&nbsp;<\/li><\/ul>\n\n\n\n<ul class=\"wp-block-list\"><li>\u201c<strong>Tempo \u00e9 c\u00e9rebro<\/strong>\u201d \u00e9 uma express\u00e3o associada ao AVC e que demonstra a import\u00e2ncia de uma a\u00e7\u00e3o r\u00e1pida, porque as c\u00e9lulas cerebrais sofrem danos muito rapidamente.<\/li><\/ul>\n\n\n\n<ul class=\"wp-block-list\"><li>Memorize este conjunto de <strong>manifesta\u00e7\u00f5es essenciais<\/strong> para a dete\u00e7\u00e3o precoce e que \u00e9 indicada pelos especialistas como os <strong>5 F\u2019S:<\/strong><ul><li><strong>F<\/strong>ace desca\u00edda<\/li><\/ul><ul><li><strong>F<\/strong>or\u00e7a no bra\u00e7o diminu\u00edda<\/li><\/ul><ul><li>Dificuldade na<strong> F<\/strong>ala<\/li><\/ul><ul><li><strong>F<\/strong>alta s\u00fabita de vis\u00e3o ou sua perturba\u00e7\u00e3o<\/li><\/ul><ul><li><strong>F<\/strong>ortes dores de cabe\u00e7a<\/li><\/ul><\/li><\/ul>\n\n\n\n<ul class=\"wp-block-list\"><li>Sempre que h\u00e1 suspeita de AVC, \u00e9 acionada pela rede de emerg\u00eancia m\u00e9dica a <strong>Via Verde do AVC<\/strong>, que garante uma assist\u00eancia mais c\u00e9lebre e adequada a este tipo de doentes. Uma vez mais, \u201ctempo \u00e9 c\u00e9rebro\u201d!<\/li><\/ul>\n\n\n\n<ul class=\"wp-block-list\"><li>Um <strong>ter\u00e7o dos sobreviventes de um AVC<\/strong> pode ficar com d\u00e9fice cognitivo ou dor cr\u00f3nica (SPAVC).<\/li><\/ul>\n\n\n\n<h3 class=\"wp-block-heading\"><strong>Principais fatores de risco<\/strong><\/h3>\n\n\n\n<p>Caracterizada como uma doen\u00e7a cujos riscos aumentam com a idade, n\u00e3o \u00e9 este o \u00fanico fator de risco. Existem outras quest\u00f5es a que deve dar especial aten\u00e7\u00e3o, de modo a garantir o seu controlo adequado:<\/p>\n\n\n\n<ul class=\"wp-block-list\"><li>Fatores gen\u00e9ticos<\/li><li>Press\u00e3o arterial elevada<\/li><li>Diabetes<\/li><li>Tabagismo<\/li><li>Colesterol alto<\/li><li>Obesidade<\/li><li>Estilo de vida sedent\u00e1rio<\/li><\/ul>\n\n\n\n<h3 class=\"wp-block-heading\"><strong>Como agir na preven\u00e7\u00e3o do AVC<\/strong><\/h3>\n\n\n\n<p>Especialistas da \u00e1rea da medicina afirmam que um AVC pode ser evitado em cerca de 80% dos casos. Por isso, uma grande parte da preven\u00e7\u00e3o est\u00e1 nas suas m\u00e3os!<\/p>\n\n\n\n<ol class=\"wp-block-list\"><li><strong>Adote um estilo de vida saud\u00e1vel<\/strong>, com a pr\u00e1tica regular de exerc\u00edcio f\u00edsico adequado \u00e0 sua condi\u00e7\u00e3o geral e de acordo com a sua idade.<\/li><\/ol>\n\n\n\n<p>2. D\u00ea prioridade a uma <strong>alimenta\u00e7\u00e3o variada e de qualidade<\/strong>, reduzindo ao consumo de sal e de gorduras.<\/p>\n\n\n\n<p>3. <strong>Controle a sua press\u00e3o arterial<\/strong>, verificando com o seu m\u00e9dico se h\u00e1 necessidade de medica\u00e7\u00e3o.<\/p>\n\n\n\n<p>4. <strong>Diminua o consumo de a\u00e7\u00facar<\/strong>. Elevados n\u00edveis de a\u00e7\u00facar no sangue podem potenciar a diabetes, que aumenta a probabilidade de um epis\u00f3dio de AVC.<\/p>\n\n\n\n<p>5. <strong>N\u00e3o fume<\/strong>, pois vai prejudicar a sua sa\u00fade no geral e aumentar o risco de doen\u00e7as cardiovasculares.<\/p>\n\n\n\n<p>6. Tenha uma <strong>vida ativa<\/strong> e diga n\u00e3o ao sedentarismo.<\/p>\n\n\n\n<p>7. Se gosta de <strong>\u00e1lcool<\/strong>, <strong>reduza o seu consumo<\/strong> para epis\u00f3dios muito espor\u00e1dicos.&nbsp;<\/p>\n\n\n\n<p>8. Garanta que tem a prote\u00e7\u00e3o adequada, para o ajudar a fazer face ao aparecimento de doen\u00e7as graves, tais como um AVC. Um <strong>seguro de vida<\/strong> desenhado para este contexto pode fazer toda a diferen\u00e7a no momento que for preciso mitigar o impacto que uma doen\u00e7a deste tipo tem na vida pessoal e familiar. O <a href=\"https:\/\/www.prevoir.pt\/familia-prevoir-solucoes-vida\" target=\"_blank\" rel=\"noreferrer noopener\">PR\u00c9VOIR Solu\u00e7\u00f5es Vida<\/a> \u00e9 uma solu\u00e7\u00e3o de previd\u00eancia que responde a esta necessidade, com a prote\u00e7\u00e3o adequada em caso de doen\u00e7as graves ou de cancro.<\/p>\n","protected":false},"excerpt":{"rendered":"<p>A cada hora tr\u00eas portugueses sofrem um AVC. Muito podemos fazer em termos de preven\u00e7\u00e3o. Saiba adotar medidas para uma vida longa e saud\u00e1vel&#8230;<\/p>\n","protected":false},"author":2,"featured_media":824,"comment_status":"closed","ping_status":"closed","sticky":false,"template":"","format":"standard","meta":{"footnotes":""},"categories":[1,7],"tags":[24,30],"class_list":["post-2248","post","type-post","status-publish","format-standard","has-post-thumbnail","hentry","category-familia","category-saude","tag-saude","tag-seguro-doencas-graves"],"_links":{"self":[{"href":"https:\/\/www.prevoir.pt\/bloguemomentus\/wp-json\/wp\/v2\/posts\/2248","targetHints":{"allow":["GET"]}}],"collection":[{"href":"https:\/\/www.prevoir.pt\/bloguemomentus\/wp-json\/wp\/v2\/posts"}],"about":[{"href":"https:\/\/www.prevoir.pt\/bloguemomentus\/wp-json\/wp\/v2\/types\/post"}],"author":[{"embeddable":true,"href":"https:\/\/www.prevoir.pt\/bloguemomentus\/wp-json\/wp\/v2\/users\/2"}],"replies":[{"embeddable":true,"href":"https:\/\/www.prevoir.pt\/bloguemomentus\/wp-json\/wp\/v2\/comments?post=2248"}],"version-history":[{"count":1,"href":"https:\/\/www.prevoir.pt\/bloguemomentus\/wp-json\/wp\/v2\/posts\/2248\/revisions"}],"predecessor-version":[{"id":2528,"href":"https:\/\/www.prevoir.pt\/bloguemomentus\/wp-json\/wp\/v2\/posts\/2248\/revisions\/2528"}],"wp:featuredmedia":[{"embeddable":true,"href":"https:\/\/www.prevoir.pt\/bloguemomentus\/wp-json\/wp\/v2\/media\/824"}],"wp:attachment":[{"href":"https:\/\/www.prevoir.pt\/bloguemomentus\/wp-json\/wp\/v2\/media?parent=2248"}],"wp:term":[{"taxonomy":"category","embeddable":true,"href":"https:\/\/www.prevoir.pt\/bloguemomentus\/wp-json\/wp\/v2\/categories?post=2248"},{"taxonomy":"post_tag","embeddable":true,"href":"https:\/\/www.prevoir.pt\/bloguemomentus\/wp-json\/wp\/v2\/tags?post=2248"}],"curies":[{"name":"wp","href":"https:\/\/api.w.org\/{rel}","templated":true}]}}