{"id":2251,"date":"2023-05-15T07:00:00","date_gmt":"2023-05-15T07:00:00","guid":{"rendered":"https:\/\/www.prevoir.pt\/bloguemomentus\/?p=854"},"modified":"2026-03-25T10:09:26","modified_gmt":"2026-03-25T10:09:26","slug":"os-melhores-seguros-para-as-familias","status":"publish","type":"post","link":"https:\/\/www.prevoir.pt\/bloguemomentus\/os-melhores-seguros-para-as-familias\/","title":{"rendered":"Os melhores seguros para as fam\u00edlias"},"content":{"rendered":"\n<p class=\"has-medium-font-size\">A fam\u00edlia \u00e9 um dos grandes pilares para a maioria das pessoas. Proteg\u00ea-la face aos imprevistos da vida torna essencial a procura pelas melhores solu\u00e7\u00f5es de previd\u00eancia que ajudam a minimizar os impactos no quotidiano.<\/p>\n\n\n\n<p>A 15 de maio, celebra-se o <strong>Dia Internacional da Fam\u00edlia<\/strong>, uma data promovida pela Assembleia Geral das Na\u00e7\u00f5es Unidas que, em 1993, reconheceu a necessidade de sensibilizar a comunidade para a import\u00e2ncia do seio familiar, como n\u00facleo central do desenvolvimento humano. A reflex\u00e3o sobre os principais desafios que as fam\u00edlias enfrentam permite, tamb\u00e9m, encontrar solu\u00e7\u00f5es que procurem ajudar cada membro a desenvolver-se num ambiente saud\u00e1vel e acolhedor. Os direitos das crian\u00e7as, a import\u00e2ncia da igualdade de g\u00e9nero e da troca de experi\u00eancias entre gera\u00e7\u00f5es s\u00e3o das tem\u00e1ticas mais abordadas neste dia, ao longo dos \u00faltimos 30 anos.&nbsp;<\/p>\n\n\n\n<p>Este dia poder\u00e1 servir o prop\u00f3sito de pensar um pouco sobre os principais aspetos que envolvem o bem-estar de todos os membros da fam\u00edlia e como promover, no presente e no futuro, uma melhor prote\u00e7\u00e3o. Um dos pontos essenciais para se cuidar da fam\u00edlia <strong>\u00e9 garantir a sua estabilidade financeira em situa\u00e7\u00f5es adversas<\/strong>. Prever o inesperado \u00e9 desafiante! Da\u00ed a import\u00e2ncia que os seguros assumem.<\/p>\n\n\n\n<p>Ao longo da vida, s\u00e3o in\u00fameros os momentos em que um or\u00e7amento pode <strong>sofrer alguma oscila\u00e7\u00e3o abrupta<\/strong>! Um acidente ou doen\u00e7a origina despesas inesperadas, bem como a perda de emprego, custos imprevistos nas principais contas de uma habita\u00e7\u00e3o, o aumento do cr\u00e9dito habita\u00e7\u00e3o ou, at\u00e9, gastos adicionais na educa\u00e7\u00e3o dos mais pequenos.<\/p>\n\n\n\n<p><strong>Qual a solu\u00e7\u00e3o ao alcance das fam\u00edlias? Procurar antecipar os imprevistos. <\/strong>N\u00e3o sendo poss\u00edvel prever todos os cen\u00e1rios da vida, o equil\u00edbrio financeiro \u00e9 poss\u00edvel atrav\u00e9s da escolha acertada nos principais seguros que podem vir a fazer a diferen\u00e7a no dia a dia.<\/p>\n\n\n\n<h3 class=\"wp-block-heading\"><strong>Seguros importantes para as fam\u00edlias<\/strong><\/h3>\n\n\n\n<ul class=\"wp-block-list\">\n<li><strong>Seguro de sa\u00fade<\/strong>. Esta prote\u00e7\u00e3o \u00e9 um refor\u00e7o complementar ao Servi\u00e7o Nacional de Sa\u00fade (SNS), para garantir que toda a fam\u00edlia tem acesso a cuidados m\u00e9dicos de qualidade, no exato momento em que necessitam deles. Os seguros de sa\u00fade podem ser mais abrangentes ou focados em determinadas \u00e1reas, tais como Consultas, Internamentos ou Sa\u00fade Oral. A inclus\u00e3o dos v\u00e1rios membros do agregado familiar, sem custo adicional at\u00e9 aos 8 anos &#8211; tal como acontece em alguns destes seguros &#8211; \u00e9 uma mais-valia para as fam\u00edlias.<\/li>\n<\/ul>\n\n\n\n<ul class=\"wp-block-list\">\n<li><strong>Seguro de vida<\/strong>. Um acidente ou doen\u00e7a que origine uma situa\u00e7\u00e3o de invalidez ou morte s\u00e3o imposs\u00edveis de antever. Com um seguro de vida, conseguir\u00e1 ter uma ajuda no equil\u00edbrio financeiro durante a recupera\u00e7\u00e3o, custos adicionais ou uma ajuda monet\u00e1ria dada aos seus benefici\u00e1rios. Na Pr\u00e9voir, pode optar pelo <a href=\"https:\/\/www.prevoir.pt\/familia-prevoir-solucao-total\" target=\"_blank\" rel=\"noreferrer noopener\">Pr\u00e9voir Solu\u00e7\u00e3o Total<\/a> ou <a href=\"https:\/\/www.prevoir.pt\/familia-prevoir-solucoes-vida\" target=\"_blank\" rel=\"noreferrer noopener\">Pr\u00e9voir Solu\u00e7\u00f5es Vida<\/a>.<\/li>\n<\/ul>\n\n\n\n<ul class=\"wp-block-list\">\n<li><strong>Seguro de poupan\u00e7a<\/strong>. O futuro \u00e9 incerto, pelo que come\u00e7ar a tratar do seu p\u00e9-de-meia, o quanto antes, garantir\u00e1 uma maior estabilidade a si e aos seus. O <a href=\"https:\/\/www.prevoir.pt\/poupanca-reforma-prevoir-proteccao-e-poupanca\" target=\"_blank\" rel=\"noreferrer noopener\">Pr\u00e9voir Prote\u00e7\u00e3o e Poupan\u00e7a<\/a> ajuda-o a ter a flexibilidade de um seguro de vida no presente e uma poupan\u00e7a no futuro. O <a href=\"https:\/\/www.prevoir.pt\/poupanca-reforma-prevoir-ppr-6\" target=\"_blank\" rel=\"noreferrer noopener\">Pr\u00e9voir PPR<\/a> vai ajud\u00e1-lo a poupar para a reforma.<\/li>\n<\/ul>\n\n\n\n<ul class=\"wp-block-list\">\n<li><strong>Seguro de prote\u00e7\u00e3o do cr\u00e9dito habita\u00e7\u00e3o<\/strong>. Se tem um empr\u00e9stimo banc\u00e1rio, um seguro de vida que proteja o seu im\u00f3vel \u00e9 essencial em casos de invalidez, morte e \u2013 caso subscreva uma prote\u00e7\u00e3o mais completa \u2013 inatividade profissional durante um per\u00edodo de tempo.<\/li>\n<\/ul>\n\n\n\n<ul class=\"wp-block-list\">\n<li><strong>Seguro de educa\u00e7\u00e3o<\/strong>. Se tem filhos, a sua educa\u00e7\u00e3o \u00e9, certamente, uma das suas prioridades. Por isso, para as fam\u00edlias, a subscri\u00e7\u00e3o de um seguro focado nos mais novos garante-lhes uma ajuda para o seu futuro! O <a href=\"https:\/\/www.prevoir.pt\/familia-prevoir-renda-junior\" target=\"_blank\" rel=\"noreferrer noopener\">Pr\u00e9voir Renda J\u00fanior<\/a> \u00e9 pensado para este contexto, j\u00e1 que permite a prote\u00e7\u00e3o financeira na educa\u00e7\u00e3o, com o pagamento de um capital no imediato, em caso de morte ou Invalidez Absoluta Definitiva da pessoa segura, e uma renda mensal de educa\u00e7\u00e3o, durante o per\u00edodo de tempo descrito na solu\u00e7\u00e3o pelo qual optar.<\/li>\n<\/ul>\n\n\n\n<ul class=\"wp-block-list\">\n<li><strong>Seguro para prote\u00e7\u00e3o vital\u00edcia. <\/strong>\u00a0Vivemos cada vez mais anos, o que \u00e9 uma \u00f3tima not\u00edcia! No entanto, a longevidade acarreta outros desafios. \u00c9 importante precaver o futuro, com o refor\u00e7o no caso de doen\u00e7as graves que possam surgir com o avan\u00e7ar da idade, inclu\u00edndo o cancro. O <a href=\"https:\/\/www.prevoir.pt\/familia-prevoir-geracoes\" target=\"_blank\" rel=\"noreferrer noopener\">Pr\u00e9voir Gera\u00e7\u00f5es<\/a> e o Pr\u00e9voir Prote\u00e7\u00e3o Doen\u00e7as Graves, lan\u00e7ado neste m\u00eas de maio, s\u00e3o dois dos seguros mais ajustados a este contexto.<\/li>\n<\/ul>\n\n\n\n<p><\/p>\n\n\n\n<p>Cada fam\u00edlia \u00e9 \u00fanica, bem como as suas necessidades! Por isso, n\u00e3o obstante as dicas que estamos a partilhar, aconselhamos, sempre, a consultar um <a href=\"https:\/\/www.prevoir.pt\/pesquisa-de-mediadores-prevoir\" target=\"_blank\" rel=\"noreferrer noopener\">mediador especializado<\/a>, que o pode ajudar a optar pelas solu\u00e7\u00f5es que fa\u00e7am mais sentido no seu contexto pessoal e coletivo.<\/p>\n\n\n\n<p>O <strong><a href=\"https:\/\/www.prevoir.pt\/guia-de-solucoes-prevoir-para-toda-a-familia\" target=\"_blank\" rel=\"noreferrer noopener\">Guia de Solu\u00e7\u00f5es para toda a Fam\u00edlia Pr\u00e9voir<\/a><\/strong> pode ser, ainda, um bom conselheiro, no momento da decis\u00e3o, pois procura, em cada fase da vida, dar-lhe algumas dicas importantes para este momento, bem como as principais solu\u00e7\u00f5es de prote\u00e7\u00e3o.<\/p>\n\n\n\n<figure class=\"wp-block-image size-large\"><a href=\"https:\/\/www.prevoir.pt\/imgs\/uploads\/files\/Catalogo-Solucoes-Prevoir-v0123-AF-web.pdf\"><img decoding=\"async\" src=\"https:\/\/www.prevoir.pt\/bloguemomentus\/wp-content\/uploads\/2023\/05\/prevoir-guia-solucoes-familia-1024x530.jpg\" alt=\"\" class=\"wp-image-860\"\/><\/a><\/figure>\n\n\n\n<p>Aproveite o <strong>Dia da Fam\u00edlia para refor\u00e7ar os seus la\u00e7os familiares<\/strong> e nunca se esque\u00e7a do papel da preven\u00e7\u00e3o para garantir um futuro promissor e sereno para a sua fam\u00edlia!<\/p>\n","protected":false},"excerpt":{"rendered":"<p>A fam\u00edlia \u00e9 um dos grandes pilares para a maioria das pessoas. Proteg\u00ea-la face aos imprevistos da vida torna essencial a procura pelas melhores solu\u00e7\u00f5es de previd\u00eancia&#8230;<\/p>\n","protected":false},"author":2,"featured_media":1299,"comment_status":"closed","ping_status":"closed","sticky":false,"template":"","format":"standard","meta":{"footnotes":""},"categories":[1],"tags":[23],"class_list":["post-2251","post","type-post","status-publish","format-standard","has-post-thumbnail","hentry","category-familia","tag-familia"],"_links":{"self":[{"href":"https:\/\/www.prevoir.pt\/bloguemomentus\/wp-json\/wp\/v2\/posts\/2251","targetHints":{"allow":["GET"]}}],"collection":[{"href":"https:\/\/www.prevoir.pt\/bloguemomentus\/wp-json\/wp\/v2\/posts"}],"about":[{"href":"https:\/\/www.prevoir.pt\/bloguemomentus\/wp-json\/wp\/v2\/types\/post"}],"author":[{"embeddable":true,"href":"https:\/\/www.prevoir.pt\/bloguemomentus\/wp-json\/wp\/v2\/users\/2"}],"replies":[{"embeddable":true,"href":"https:\/\/www.prevoir.pt\/bloguemomentus\/wp-json\/wp\/v2\/comments?post=2251"}],"version-history":[{"count":1,"href":"https:\/\/www.prevoir.pt\/bloguemomentus\/wp-json\/wp\/v2\/posts\/2251\/revisions"}],"predecessor-version":[{"id":2522,"href":"https:\/\/www.prevoir.pt\/bloguemomentus\/wp-json\/wp\/v2\/posts\/2251\/revisions\/2522"}],"wp:featuredmedia":[{"embeddable":true,"href":"https:\/\/www.prevoir.pt\/bloguemomentus\/wp-json\/wp\/v2\/media\/1299"}],"wp:attachment":[{"href":"https:\/\/www.prevoir.pt\/bloguemomentus\/wp-json\/wp\/v2\/media?parent=2251"}],"wp:term":[{"taxonomy":"category","embeddable":true,"href":"https:\/\/www.prevoir.pt\/bloguemomentus\/wp-json\/wp\/v2\/categories?post=2251"},{"taxonomy":"post_tag","embeddable":true,"href":"https:\/\/www.prevoir.pt\/bloguemomentus\/wp-json\/wp\/v2\/tags?post=2251"}],"curies":[{"name":"wp","href":"https:\/\/api.w.org\/{rel}","templated":true}]}}