{"id":2253,"date":"2023-05-26T17:21:17","date_gmt":"2023-05-26T17:21:17","guid":{"rendered":"https:\/\/www.prevoir.pt\/bloguemomentus\/?p=872"},"modified":"2026-03-25T10:09:00","modified_gmt":"2026-03-25T10:09:00","slug":"cuidados-de-saude-essenciais-mantenha-se-saudavel-e-protegido","status":"publish","type":"post","link":"https:\/\/www.prevoir.pt\/bloguemomentus\/cuidados-de-saude-essenciais-mantenha-se-saudavel-e-protegido\/","title":{"rendered":"Cuidados de sa\u00fade essenciais: mantenha-se saud\u00e1vel e protegido"},"content":{"rendered":"\n<p class=\"has-medium-font-size\">Todos temos o desejo de ter uma sa\u00fade de ferro e de poder aproveitar a vida de forma plena! Mas, para alcan\u00e7ar este objetivo, \u00e9 necess\u00e1rio tomar medidas proativas. Explore sugest\u00f5es de a\u00e7\u00f5es no dia a dia, para tornar este desejo uma realidade.<\/p>\n\n\n\n<p><strong>Preven\u00e7\u00e3o<\/strong>. O artigo come\u00e7a com esta palavra e n\u00e3o \u00e9 fruto do acaso. Pois, se h\u00e1 mensagem que queremos que retenha, \u00e9 que este \u00e9 o caminho para construir uma vida saud\u00e1vel. Ter em mente a import\u00e2ncia de cuidar de si, antes que os problemas de sa\u00fade surjam, \u00e9 essencial para alcan\u00e7ar a longevidade! Mas, este conceito \u00e9 muito mais amplo do que, \u00e0 primeira vista, parece. E se, na teoria tudo parece mais simples, aplicar a ideia da preven\u00e7\u00e3o no quotidiano pode ser um desafio maior.<\/p>\n\n\n\n<p>Cada a\u00e7\u00e3o que escolhemos realizar, ajuda a construir esta prote\u00e7\u00e3o em prol da nossa sa\u00fade. Implementar alguns novos h\u00e1bitos, no dia a dia, v\u00e3o fazer a diferen\u00e7a! Vamos a eles?<\/p>\n\n\n\n<h4 class=\"wp-block-heading\"><strong>1. Cuidados regulares de sa\u00fade<\/strong><\/h4>\n\n\n\n<p>Deveria ser essencial, mas a realiza\u00e7\u00e3o de exames m\u00e9dicos, com a frequ\u00eancia certa e adequados \u00e0 cada faixa et\u00e1ria, nem sempre \u00e9 uma realidade. E m\u00faltiplos fatores podem influenciar este ponto: a falta de tempo no quotidiano, a limita\u00e7\u00e3o or\u00e7amental que n\u00e3o permite a realiza\u00e7\u00e3o de consultas t\u00e3o regulares como o esperado, ou o receio em se dirigir a uma unidade de sa\u00fade. No entanto<em>, checks-ups <\/em>peri\u00f3dicos s\u00e3o um dos pontos chave para manter uma boa vigil\u00e2ncia. At\u00e9 porque, muitos problemas de sa\u00fade, quando detetados atempadamente, possuem taxas de sucesso muito mais elevadas.<\/p>\n\n\n\n<h4 class=\"wp-block-heading\"><strong>2. Alimenta\u00e7\u00e3o equilibrada<\/strong><\/h4>\n\n\n\n<p>Parece simples adotar este h\u00e1bito, certo? No entanto, \u00e9 necess\u00e1rio um grande esfor\u00e7o para manter a consist\u00eancia e optar por escolhas mais saud\u00e1veis nas refei\u00e7\u00f5es di\u00e1rias. Portugal \u00e9 dos pa\u00edses onde, nos \u00faltimos anos, o n\u00famero de pessoas a encomendar comida uma ou mais vezes por semana, aumentou, segundo um estudo da Kantar, realizado em 2021. Mas, as op\u00e7\u00f5es s\u00e3o muito limitadas. <strong>Cerca de 60% da oferta das aplica\u00e7\u00f5es de entrega de comida \u00e9 de \u201cfast food\u201d ou de alimentos \u00e0 base de a\u00e7\u00facar e gordura, <\/strong>acrescenta um estudoda Cooperativa de Ensino Superior Polit\u00e9cnico e Universit\u00e1rio (CESPU).<\/p>\n\n\n\n<p>Assim, para garantir que opta pelas solu\u00e7\u00f5es que melhor tratam de si, h\u00e1 que programar as refei\u00e7\u00f5es da semana com a antecipa\u00e7\u00e3o devida, para evitar escolhas de \u00faltima hora.<\/p>\n\n\n\n<h4 class=\"wp-block-heading\"><strong>3. Pr\u00e1tica regular de exerc\u00edcio f\u00edsico<\/strong><\/h4>\n\n\n\n<p>A Organiza\u00e7\u00e3o Mundial de Sa\u00fade \u00e9 muito clara nas diretrizes sobre a movimenta\u00e7\u00e3o regular do corpo. Um adulto deve fazer semanalmente, pelo menos<strong>, 150 a 300 minutos de atividade f\u00edsica moderada<\/strong> ou <strong>75 a 150 minutos de atividade f\u00edsica aer\u00f3bica de vigorosa intensidade. <\/strong>Mas, um em cada tr\u00eas adultos na Uni\u00e3o Europeia n\u00e3o cumprem com estas recomenda\u00e7\u00f5es. E <strong>Portugal est\u00e1 em \u00faltimo lugar<\/strong> nesta estat\u00edstica, segundo um relat\u00f3rio da OCDE, publicado em fevereiro de 2023.&nbsp;<\/p>\n\n\n\n<h4 class=\"wp-block-heading\"><strong>4. Solu\u00e7\u00f5es de prote\u00e7\u00e3o na sa\u00fade<\/strong><\/h4>\n\n\n\n<p>Para cuidar da sa\u00fade, h\u00e1 que ter os parceiros certos. No entanto, nem sempre o Servi\u00e7o Nacional de Sa\u00fade (SNS) consegue dar conta do recado, em termos de oferta e tempos de espera. Por isso, outra estrat\u00e9gia que pode ser importante para o seu bem-estar, \u00e9 a procura de solu\u00e7\u00f5es complementares que lhe permitam ter acesso a cuidados m\u00e9dicos de qualidade, quando mais precisa. Na PR\u00c9VOIR, podemos ajud\u00e1-lo, com <a href=\"https:\/\/www.prevoir.pt\/saude\" target=\"_blank\" rel=\"noreferrer noopener\">v\u00e1rios seguros que se adaptam<\/a> a diferentes contextos pessoais e familiares.&nbsp;<\/p>\n\n\n\n<h4 class=\"wp-block-heading\"><strong>5. Prote\u00e7\u00e3o abrangente ao longo da vida<\/strong><\/h4>\n\n\n\n<p>Cuidar da sua sa\u00fade aos 30 \u00e9 completamente diferente do que aos 50 ou 60 anos. Assim, outro aspeto essencial para a manuten\u00e7\u00e3o do seu bem-estar \u00e9 adaptar a sua prote\u00e7\u00e3o \u00e0 fase da vida em que se encontra. Aqui os seguros de vida desempenham um papel fundamental para a sua prote\u00e7\u00e3o ao longo da vida. Para al\u00e9m de permitirem a estabilidade financeira para amparar as pessoas que lhe s\u00e3o mais pr\u00f3ximas, numa situa\u00e7\u00e3o de falecimento por exemplo, oferecem tamb\u00e9m benef\u00edcios adicionais, tais como <a href=\"https:\/\/www.prevoir.pt\/protecao-doencas-graves\" target=\"_blank\" rel=\"noreferrer noopener\">coberturas nas doen\u00e7as graves, invalidez ou servi\u00e7os de assist\u00eancia especializados<\/a>.&nbsp;&nbsp;<\/p>\n\n\n\n<h4 class=\"wp-block-heading\"><strong>6. Ado\u00e7\u00e3o de pr\u00e1ticas de limita\u00e7\u00e3o do <em>stress<\/em><\/strong><\/h4>\n\n\n\n<p>Atualmente, o clima de trabalho competitivo acarreta consequ\u00eancias f\u00edsicas e psicol\u00f3gicas que influenciam cada vez mais profissionais. Segundo aponta o estudo \u201cProsperidade e Sustentabilidade das Organiza\u00e7\u00f5es \u2013 Relat\u00f3rio do Custo do Stresse e dos Problemas de Sa\u00fade Psicol\u00f3gica no Trabalho\u201d, elaborado pela Ordem dos Psic\u00f3logos Portugueses, em 2022, <strong>o stress e os problemas de sa\u00fade mental <\/strong>custaram, \u00e0s empresas, cerca de 5,3 mil milh\u00f5es de euros. Face a estes n\u00fameros, entende-se a import\u00e2ncia crescente de encontrar meios para que as pessoas consigam equilibrar, de forma saud\u00e1vel, a sua vida. Viver em constante <em>stress<\/em> tem consequ\u00eancias nefastas para o bem-estar. A medita\u00e7\u00e3o, dedica\u00e7\u00e3o a novos <em>hobbies<\/em>, o equil\u00edbrio trabalho-fam\u00edlia e o autocuidado s\u00e3o algumas das a\u00e7\u00f5es essenciais para aliviar a tens\u00e3o e construir uma vida mais saud\u00e1vel.&nbsp;<\/p>\n\n\n\n<p><\/p>\n\n\n\n<p>Face a todos os pontos enumerados concorda, certamente, que <strong>investir nos cuidados de sa\u00fade essenciais \u00e9 dos melhores investimentos que pode fazer por si<\/strong> e pela sua fam\u00edlia! E este objetivo est\u00e1 ao alcance de qualquer pessoa. Com for\u00e7a de vontade e consist\u00eancia, aliando as op\u00e7\u00f5es de previd\u00eancia e de sa\u00fade adequados, ter\u00e1 uma vida longa e com seguran\u00e7a.<\/p>\n\n\n\n<p>Para o ajudar a encontrar os <strong>melhores seguros que o apoiar\u00e3o nestas resolu\u00e7\u00f5es<\/strong>, <a href=\"https:\/\/www.prevoir.pt\/pesquisa-de-mediadores-prevoir\" target=\"_blank\" rel=\"noreferrer noopener\">conte com os mediadores PR\u00c9VOIR<\/a>! S\u00e3o mais de 1.100 por todo o pa\u00eds que adequar\u00e3o a oferta \u00e0s suas necessidades atuais de vida.<\/p>\n","protected":false},"excerpt":{"rendered":"<p>Todos temos o desejo de ter uma sa\u00fade de ferro! Para alcan\u00e7ar este objetivo, \u00e9 necess\u00e1rio tomar medidas proativas&#8230;.<\/p>\n","protected":false},"author":2,"featured_media":1305,"comment_status":"closed","ping_status":"closed","sticky":false,"template":"","format":"standard","meta":{"footnotes":""},"categories":[7],"tags":[24],"class_list":["post-2253","post","type-post","status-publish","format-standard","has-post-thumbnail","hentry","category-saude","tag-saude"],"_links":{"self":[{"href":"https:\/\/www.prevoir.pt\/bloguemomentus\/wp-json\/wp\/v2\/posts\/2253","targetHints":{"allow":["GET"]}}],"collection":[{"href":"https:\/\/www.prevoir.pt\/bloguemomentus\/wp-json\/wp\/v2\/posts"}],"about":[{"href":"https:\/\/www.prevoir.pt\/bloguemomentus\/wp-json\/wp\/v2\/types\/post"}],"author":[{"embeddable":true,"href":"https:\/\/www.prevoir.pt\/bloguemomentus\/wp-json\/wp\/v2\/users\/2"}],"replies":[{"embeddable":true,"href":"https:\/\/www.prevoir.pt\/bloguemomentus\/wp-json\/wp\/v2\/comments?post=2253"}],"version-history":[{"count":1,"href":"https:\/\/www.prevoir.pt\/bloguemomentus\/wp-json\/wp\/v2\/posts\/2253\/revisions"}],"predecessor-version":[{"id":2520,"href":"https:\/\/www.prevoir.pt\/bloguemomentus\/wp-json\/wp\/v2\/posts\/2253\/revisions\/2520"}],"wp:featuredmedia":[{"embeddable":true,"href":"https:\/\/www.prevoir.pt\/bloguemomentus\/wp-json\/wp\/v2\/media\/1305"}],"wp:attachment":[{"href":"https:\/\/www.prevoir.pt\/bloguemomentus\/wp-json\/wp\/v2\/media?parent=2253"}],"wp:term":[{"taxonomy":"category","embeddable":true,"href":"https:\/\/www.prevoir.pt\/bloguemomentus\/wp-json\/wp\/v2\/categories?post=2253"},{"taxonomy":"post_tag","embeddable":true,"href":"https:\/\/www.prevoir.pt\/bloguemomentus\/wp-json\/wp\/v2\/tags?post=2253"}],"curies":[{"name":"wp","href":"https:\/\/api.w.org\/{rel}","templated":true}]}}