{"id":2255,"date":"2023-06-21T15:48:23","date_gmt":"2023-06-21T15:48:23","guid":{"rendered":"https:\/\/www.prevoir.pt\/bloguemomentus\/?p=890"},"modified":"2026-03-25T10:08:30","modified_gmt":"2026-03-25T10:08:30","slug":"seguro-de-vida-para-maiores-de-50-anos-entenda-os-beneficios-e-como-escolher-a-melhor-opcao","status":"publish","type":"post","link":"https:\/\/www.prevoir.pt\/bloguemomentus\/seguro-de-vida-para-maiores-de-50-anos-entenda-os-beneficios-e-como-escolher-a-melhor-opcao\/","title":{"rendered":"Seguro de vida para maiores de 50 anos: Entenda os benef\u00edcios e como escolher a melhor op\u00e7\u00e3o"},"content":{"rendered":"\n<p class=\"has-medium-font-size\">Um seguro de vida \u00e9,&nbsp; sempre, sin\u00f3nimo de maior confian\u00e7a nas adversidades! Mas, quando alcan\u00e7amos certos patamares de idade, a previd\u00eancia torna-se, ainda, mais essencial. &nbsp;<\/p>\n\n\n\n<p>Cada fase da vida leva-nos a dar import\u00e2ncia a coisas diferentes! Com o envelhecimento, temos mais consci\u00eancia das nossas fragilidades e da forma din\u00e2mica como tudo pode ser colocado em causa, quando a sa\u00fade nos prega uma partida. Quando atingimos os 50 anos \u2013 meio s\u00e9culo \u2013 mesmo que ainda nos sintamos com toda a vitalidade, inevitavelmente, h\u00e1 alguma reflex\u00e3o sobre a import\u00e2ncia de ter mais seguran\u00e7a e prote\u00e7\u00e3o financeira, para fazer face a imprevistos que, at\u00e9 ao momento, n\u00e3o tinham sido uma preocupa\u00e7\u00e3o. \u00c9 nestes momentos que um<strong> seguro de vida come\u00e7a a assumir maior import\u00e2ncia.<\/strong>&nbsp;<\/p>\n\n\n\n<p>Procurar a tranquilidade e o suporte para n\u00f3s e para os nossos entes queridos, faz-nos equacionar quais as <strong>melhores op\u00e7\u00f5es que temos para garantir uma longevidade com bem-estar.<\/strong> A grande maioria das pessoas tem uma enorme vontade de viver at\u00e9 aos 100 anos mas, mais do que isso, \u00e9 de senso comum procurar-se uma vida saud\u00e1vel e apoio nas fragilidades que possam vir a surgir.<\/p>\n\n\n\n<h2 class=\"wp-block-heading\"><strong>O que pode encontrar num seguro de vida?<\/strong><\/h2>\n\n\n\n<p>Nesta fase da vida, \u00e9 poss\u00edvel encontrar v\u00e1rios benef\u00edcios na subscri\u00e7\u00e3o de uma solu\u00e7\u00e3o de previd\u00eancia:<\/p>\n\n\n\n<ul class=\"wp-block-list\"><li><strong>Prote\u00e7\u00e3o financeira para a sua fam\u00edlia<\/strong> \u2013 Esta \u00e9 uma das grandes prioridades da esmagadora maioria das pessoas. Mais do que pensar em si pr\u00f3prio, ao atingir-se certa idade \u2013 principalmente se existirem filhos \u2013 todas as preocupa\u00e7\u00f5es v\u00e3o dar ao bem-estar e ao equil\u00edbrio financeiro se lhe acontecer algo de inesperado. Em caso de falecimento, um seguro de vida pode apoiar os seus familiares com as despesas inerentes a esta situa\u00e7\u00e3o.<\/li><\/ul>\n\n\n\n<ul class=\"wp-block-list\"><li><strong>Cobertura de despesas m\u00e9dicas<\/strong> \u2013 \u00c9 inevit\u00e1vel! Mesmo que tenha um hist\u00f3rico de sa\u00fade de ferro, com o avan\u00e7ar da idade, ser\u00e3o necess\u00e1rios mais rastreios, checks-ups peri\u00f3dicos e mais encargos com despesas de sa\u00fade. Um seguro de vida ou de sa\u00fade vai ajud\u00e1-lo a reduzir o impacto financeiro que isso ter\u00e1 no seu or\u00e7amento mensal.<\/li><\/ul>\n\n\n\n<ul class=\"wp-block-list\"><li><strong>Refor\u00e7o financeiro, para projetos por concretizar<\/strong> \u2013 O capital associado a um seguro de vida, dependendo das cl\u00e1usulas de cada contrato, poder\u00e1 ser uma fonte adicional de rendimento para poder tornar realidade projetos adiados durante toda uma vida.<\/li><\/ul>\n\n\n\n<ul class=\"wp-block-list\"><li><strong>Paz de esp\u00edrito, para envelhecer com serenidade e sem receios<\/strong> &#8211;&nbsp; Queremos viver muito, mas, tamb\u00e9m, queremos viver com qualidade e de bra\u00e7os abertos para acolher tudo o que a vida nos pode trazer. Com a previd\u00eancia certa, as surpresas menos boas podem ser menos dolorosas, a todos os n\u00edveis.<\/li><\/ul>\n\n\n\n<ul class=\"wp-block-list\"><li><strong>Prote\u00e7\u00e3o adequada nas doen\u00e7as graves<\/strong> &#8211; Dependendo do tipo do seguro de vida que esteja a avaliar, este poder\u00e1 dar-lhe as ferramentas necess\u00e1rias para o ajudar no diagn\u00f3stico e no tratamento de doen\u00e7as graves. Um plafond para cuidados m\u00e9dicos de continuidade, tratamentos adicionais ou outras finalidades s\u00e3o alguns exemplos.&nbsp;&nbsp;&nbsp;&nbsp;&nbsp;&nbsp;&nbsp;&nbsp;&nbsp;&nbsp;&nbsp;&nbsp;&nbsp;&nbsp;&nbsp;&nbsp;&nbsp;&nbsp;&nbsp;&nbsp;&nbsp;&nbsp;&nbsp;<\/li><\/ul>\n\n\n\n<h2 class=\"wp-block-heading\"><strong>A import\u00e2ncia de Servi\u00e7os de Assist\u00eancia no envelhecimento<\/strong><\/h2>\n\n\n\n<p>Se h\u00e1 caracter\u00edstica que se possa considerar essencial num seguro de vida para os maiores de 50 anos, \u00e9 a possibilidade de usufruir de <strong>servi\u00e7os de assist\u00eancia<\/strong>, adaptados \u00e0s necessidades de cada pessoa. De forma inesperada, um acidente ou uma doen\u00e7a pode despoletar a necessidade da adapta\u00e7\u00e3o do domic\u00edlio a novas condi\u00e7\u00f5es f\u00edsicas ou a consulta de especialistas para segunda opini\u00e3o m\u00e9dica, bem como o apoio domicili\u00e1rio que, com o avan\u00e7ar da idade, pode ser uma mais-valia para as principais tarefas do quotidiano.<\/p>\n\n\n\n<p>Mesmo que na atualidade esta realidade pare\u00e7a long\u00ednqua, nada como sentir que tem o futuro sob controlo.<\/p>\n\n\n\n<h2 class=\"wp-block-heading\"><strong>Como fazer a escolha do seguro de vida para maiores de 50 anos<\/strong><\/h2>\n\n\n\n<ul class=\"wp-block-list\"><li><strong>Avalie as suas necessidades reais, mas n\u00e3o pense apenas na atualidade. Antecipe o futuro! <\/strong>A assinatura do novo produto PR\u00c9VOIR, O PR\u00c9VOIR Prote\u00e7\u00e3o Doen\u00e7as Graves, resume, muito bem, esta ideia \u2013 a preven\u00e7\u00e3o \u00e9 o melhor rem\u00e9dio.<\/li><li><strong>Considere o valor do pr\u00e9mio mensal ou anual e as coberturas que lhe s\u00e3o disponibilizadas.<\/strong> Procure encontrar o melhor equil\u00edbrio entre a abrang\u00eancia do seguro e o pr\u00e9mio do seguro.<\/li><li><strong>Verifique as condi\u00e7\u00f5es de renova\u00e7\u00e3o do seguro at\u00e9 atingir uma idade mais avan\u00e7ada.<\/strong> O pr\u00e9mio do seguro poder\u00e1 estar sujeito &#8211; ou n\u00e3o \u2013 a aumentos progressivos, o que pode n\u00e3o lhe ser ben\u00e9fico para o seu or\u00e7amento familiar. Por outro lado, o capital seguro poder\u00e1 tamb\u00e9m sofrer altera\u00e7\u00f5es.<\/li><li><strong>Veja ao pormenor os requisitos m\u00e9dicos exigidos e as exclus\u00f5es<\/strong>, para garantir que tem, mesmo, uma prote\u00e7\u00e3o alargada e adaptada \u00e0 fase da vida que est\u00e1 a viver. Um seguro aos 20 anos n\u00e3o \u00e9, em todo, igual a um seguro ap\u00f3s os 50 anos.<\/li><\/ul>\n\n\n\n<h2 class=\"wp-block-heading\"><strong>A PR\u00c9VOIR pode ajudar nesta fase da vida?<\/strong><\/h2>\n\n\n\n<p>Sem d\u00favida. Como especialista em seguros de vida, o foco das solu\u00e7\u00f5es que a PR\u00c9VOIR apresenta est\u00e1 nas pessoas e nas suas necessidades individuais.&nbsp; Para os maiores de 50 anos, existem dois produtos muito \u00fateis:<\/p>\n\n\n\n<ul class=\"wp-block-list\"><li><strong>O <u><a href=\"https:\/\/www.prevoir.pt\/protecao-doencas-graves\" target=\"_blank\" rel=\"noreferrer noopener\">PR\u00c9VOIR Prote\u00e7\u00e3o Doen\u00e7as Graves<\/a><\/u><\/strong>, que \u00e9 um seguro focado nos maiores de 50 anos e que oferece uma prote\u00e7\u00e3o alargada at\u00e9 aos 100 anos. Com a op\u00e7\u00e3o de subscri\u00e7\u00e3o de 6 ou 7 doen\u00e7as graves, que abrangem as principais doen\u00e7as graves em Portugal, este seguro permite a garantia em caso de Morte, bem como a presta\u00e7\u00e3o de servi\u00e7os de assist\u00eancia. Esta \u00faltima garantia pode ser usada logo ap\u00f3s a subscri\u00e7\u00e3o e de forma independente das restantes garantias. Visite a p\u00e1gina dedicada ao produto e conhe\u00e7a todos os pormenores do seguro.<\/li><\/ul>\n\n\n\n<ul class=\"wp-block-list\"><li>O <strong><u><a href=\"https:\/\/www.prevoir.pt\/familia-prevoir-solucao-vital\" target=\"_blank\" rel=\"noreferrer noopener\">PR\u00c9VOIR Solu\u00e7\u00e3o Vital<\/a><\/u><\/strong>, para maiores de 55 anos, que permite um apoio financeiro em caso de doen\u00e7a ou de acidente. Este seguro de vida permite, ainda, ter acesso a coberturas refor\u00e7adas em caso de hospitaliza\u00e7\u00e3o ou les\u00f5es corporais (fraturas ou queimaduras) devido a acidente. Descubra os detalhes na p\u00e1gina do produto.<\/li><\/ul>\n\n\n\n<p>Estes seguros podem ser complementares a outras solu\u00e7\u00f5es que tenha, como forma de refor\u00e7ar e prolongar a sua prote\u00e7\u00e3o.<\/p>\n\n\n\n<h3 class=\"wp-block-heading\"><strong>A n\u00e3o perder&#8230;<\/strong><\/h3>\n\n\n\n<p>Se est\u00e1 a ponderar um seguro de vida e tem mais do que 50 anos, tomar a decis\u00e3o <strong>at\u00e9 30 de setembro de 2023<\/strong> permite-lhe usufruir da <strong>oferta do pr\u00e9mio da 1\u00aa anuidade dos servi\u00e7os de assist\u00eancia.<\/strong> O montante \u00e9 deduzido diretamente do pr\u00e9mio a pagar. Fale com um dos nossos mediadores e viva cada fase da vida com um sorriso no rosto&#8230;<\/p>\n","protected":false},"excerpt":{"rendered":"<p>Um seguro de vida \u00e9 sin\u00f3nimo de maior confian\u00e7a nas adversidades! Alcan\u00e7ados certos patamares de idade, a previd\u00eancia torna-se essencial<\/p>\n","protected":false},"author":2,"featured_media":1311,"comment_status":"closed","ping_status":"closed","sticky":false,"template":"","format":"standard","meta":{"footnotes":""},"categories":[1],"tags":[30,19],"class_list":["post-2255","post","type-post","status-publish","format-standard","has-post-thumbnail","hentry","category-familia","tag-seguro-doencas-graves","tag-seniores"],"_links":{"self":[{"href":"https:\/\/www.prevoir.pt\/bloguemomentus\/wp-json\/wp\/v2\/posts\/2255","targetHints":{"allow":["GET"]}}],"collection":[{"href":"https:\/\/www.prevoir.pt\/bloguemomentus\/wp-json\/wp\/v2\/posts"}],"about":[{"href":"https:\/\/www.prevoir.pt\/bloguemomentus\/wp-json\/wp\/v2\/types\/post"}],"author":[{"embeddable":true,"href":"https:\/\/www.prevoir.pt\/bloguemomentus\/wp-json\/wp\/v2\/users\/2"}],"replies":[{"embeddable":true,"href":"https:\/\/www.prevoir.pt\/bloguemomentus\/wp-json\/wp\/v2\/comments?post=2255"}],"version-history":[{"count":1,"href":"https:\/\/www.prevoir.pt\/bloguemomentus\/wp-json\/wp\/v2\/posts\/2255\/revisions"}],"predecessor-version":[{"id":2517,"href":"https:\/\/www.prevoir.pt\/bloguemomentus\/wp-json\/wp\/v2\/posts\/2255\/revisions\/2517"}],"wp:featuredmedia":[{"embeddable":true,"href":"https:\/\/www.prevoir.pt\/bloguemomentus\/wp-json\/wp\/v2\/media\/1311"}],"wp:attachment":[{"href":"https:\/\/www.prevoir.pt\/bloguemomentus\/wp-json\/wp\/v2\/media?parent=2255"}],"wp:term":[{"taxonomy":"category","embeddable":true,"href":"https:\/\/www.prevoir.pt\/bloguemomentus\/wp-json\/wp\/v2\/categories?post=2255"},{"taxonomy":"post_tag","embeddable":true,"href":"https:\/\/www.prevoir.pt\/bloguemomentus\/wp-json\/wp\/v2\/tags?post=2255"}],"curies":[{"name":"wp","href":"https:\/\/api.w.org\/{rel}","templated":true}]}}