{"id":2260,"date":"2023-08-02T11:55:55","date_gmt":"2023-08-02T11:55:55","guid":{"rendered":"https:\/\/www.prevoir.pt\/bloguemomentus\/?p=948"},"modified":"2026-03-25T10:05:31","modified_gmt":"2026-03-25T10:05:31","slug":"como-hidratar-se-no-verao-descubra-alguns-dos-alimentos-que-o-vao-ajudar","status":"publish","type":"post","link":"https:\/\/www.prevoir.pt\/bloguemomentus\/como-hidratar-se-no-verao-descubra-alguns-dos-alimentos-que-o-vao-ajudar\/","title":{"rendered":"Como hidratar-se no ver\u00e3o &#8211; Descubra alguns dos alimentos que o v\u00e3o ajudar"},"content":{"rendered":"\n<p class=\"has-medium-font-size\">Por tradi\u00e7\u00e3o, agosto \u00e9, ainda, o m\u00eas de f\u00e9rias para uma grande maioria da popula\u00e7\u00e3o. E com ele, chegam os dias quentes, onde manter-se hidratado \u00e9 essencial para o bem-estar. Para al\u00e9m da ingest\u00e3o de \u00e1gua, existem outros alimentos que o podem ajudar neste prop\u00f3sito. Descubra alguns dos principais&#8230;<\/p>\n\n\n\n<p>O ver\u00e3o \u00e9 uma esta\u00e7\u00e3o que convida \u00e0s <strong>atividades ao ar livre e \u00e0 descontra\u00e7\u00e3o<\/strong>. Mas, com os dias mais quentes, h\u00e1 um aspeto essencial que n\u00e3o deve ser colocado de parte: a <strong>hidrata\u00e7\u00e3o<\/strong>, que \u00e9 essencial para o seu bem-estar e para a sua sa\u00fade. Beber mais \u00e1gua do que o habitual, neste per\u00edodo do ano, \u00e9 fundamental. Mas, poder\u00e1 refor\u00e7ar a sua hidrata\u00e7\u00e3o, sem esfor\u00e7o, ao incluir alguns <strong>alimentos com propriedades hidratantes e refrescantes<\/strong>. Neste artigo, vamos enumerar alguns que o v\u00e3o ajudar a cuidar de si.<\/p>\n\n\n\n<h3 class=\"wp-block-heading\"><strong>Qual a import\u00e2ncia da hidrata\u00e7\u00e3o no ver\u00e3o?<\/strong><\/h3>\n\n\n\n<p>Uma grande parte do nosso corpo \u00e9 constitu\u00eddo por \u00e1gua. Nos dias mais quentes, a transpira\u00e7\u00e3o faz-nos perder mais l\u00edquidos. Para o pleno funcionamento de todos os org\u00e3os \u00e9 vital que estejamos com os n\u00edveis de hidrata\u00e7\u00e3o corretos. A desidrata\u00e7\u00e3o pode despoletar uma s\u00e9rie de problemas de sa\u00fade, tais como fadiga, tonturas, dores de cabe\u00e7a e, at\u00e9 mesmo, insola\u00e7\u00e3o. Portanto, beber \u00e1gua ao longo do dia \u00e9 algo que n\u00e3o deve descurar. A aten\u00e7\u00e3o deve ser redobrada nos grupos et\u00e1rios que possam n\u00e3o ter tanta perce\u00e7\u00e3o desta import\u00e2ncia: beb\u00e9s, crian\u00e7as e idosos.<\/p>\n\n\n\n<h3 class=\"wp-block-heading\"><strong>Como saber se est\u00e1 desidratado?<\/strong><\/h3>\n\n\n\n<p>A sede n\u00e3o \u00e9 o \u00fanico sinal de que est\u00e1 a necessitar de beber \u00e1gua. O cansa\u00e7o, a perda de concentra\u00e7\u00e3o ou at\u00e9 a mem\u00f3ria, podem ser sinais de desidrata\u00e7\u00e3o. Um corpo desidratado pode levar, tamb\u00e9m, \u00e0 fraqueza muscular e taquicardia.<\/p>\n\n\n\n<p>Beber <strong>\u00e1gua regularmente, mesmo quando n\u00e3o est\u00e1 com sede<\/strong>, ajuda a prevenir estas complica\u00e7\u00f5es de sa\u00fade. Se, durante o dia, se esquece de o fazer, agende um lembrete para a cada duas horas beber um copo de \u00e1gua.<\/p>\n\n\n\n<h3 class=\"wp-block-heading\"><strong>Alimentos que o podem ajudar nesta tarefa<\/strong><\/h3>\n\n\n\n<p>Sempre como complemento da \u00e1gua, existem alguns alimentos que, pelas suas propriedades, s\u00e3o ideais para esta \u00e9poca do ano. Qual o seu favorito?<\/p>\n\n\n\n<p><strong>1.Pepino<\/strong><\/p>\n\n\n\n<p>O pepino \u00e9 uma excelente fonte de hidrata\u00e7\u00e3o, sendo composto por <strong>cerca de 96% de \u00e1gua.<\/strong> Al\u00e9m disso, rico em antioxidantes e nutrientes tais como a vitamina K e o pot\u00e1ssio. Experimente, por exemplo, adicionar umas fatias de pepino \u00e0s suas saladas ou fazer umas espetadas de pepino e veja como lhe sabem bem!&nbsp;<\/p>\n\n\n\n<p><strong>2. Melancia<\/strong><\/p>\n\n\n\n<p>Dificilmente, haver\u00e1 algu\u00e9m que n\u00e3o associe este fruto ao ver\u00e3o. Composta por cerca de 92% de \u00e1gua, \u00e9 uma escolha deliciosa para os dias mais quentes. A melancia pode ser consumida em sumos, gelados ou ao natural. Os mais pequenos adoram!<\/p>\n\n\n\n<p><strong>3. Tomate<\/strong><\/p>\n\n\n\n<p>O tomate \u00e9 outro alimento constitu\u00eddo quase na \u00edntegra por \u00e1gua, com cerca de 95% da sua composi\u00e7\u00e3o. Para al\u00e9m da sua capacidade de hidrata\u00e7\u00e3o, \u00e9 uma excelente fonte de licopeno, um antioxidante que ajuda as nossas c\u00e9lulas. O tomate pode ser consumido numa salada ou em sopas.<\/p>\n\n\n\n<p><strong>4. Abacaxi<\/strong><\/p>\n\n\n\n<p>\u00c9 outra das frutas t\u00edpicas desta \u00e9poca. Com cerca de 86% de \u00e1gua, este alimento ajuda, tamb\u00e9m, aos n\u00edveis de vitamina C e \u00e9 um poderoso refor\u00e7o para o sistema imunit\u00e1rio. O abacaxi fica delicioso em saladas ou consumido \u00e0 fatia.<\/p>\n\n\n\n<p><strong>5. Alface<\/strong><\/p>\n\n\n\n<p>A alface \u00e9, maioritariamente, \u00e1gua. \u00c9 um alimento pouco cal\u00f3rico, sendo muito usado em saladas, sandes ou <em>wraps<\/em>.<\/p>\n\n\n\n<h3 class=\"wp-block-heading\"><strong>Outros conselhos \u00fateis para o seu bem-estar no ver\u00e3o<\/strong><\/h3>\n\n\n\n<p>Para al\u00e9m da hidrata\u00e7\u00e3o adequada, opte por refei\u00e7\u00f5es leves, para n\u00e3o desperdi\u00e7ar energia. Privilegie a ingest\u00e3o de aves e peixes e modere o consumo de prote\u00edna, que \u00e9 fonte de gera\u00e7\u00e3o de calor.<\/p>\n\n\n\n<p>Fa\u00e7a escolhas equilibradas no ver\u00e3o e usufrua de dias cheios de alegria, divers\u00e3o e bem-estar! Aproveite cada momento desta esta\u00e7\u00e3o para recarregar baterias.<\/p>\n","protected":false},"excerpt":{"rendered":"<p>Para al\u00e9m da ingest\u00e3o de \u00e1gua, existem outros alimentos que o podem ajudar neste prop\u00f3sito. Descubra alguns dos principais&#8230;<\/p>\n","protected":false},"author":2,"featured_media":1329,"comment_status":"closed","ping_status":"closed","sticky":false,"template":"","format":"standard","meta":{"footnotes":""},"categories":[7],"tags":[24,31],"class_list":["post-2260","post","type-post","status-publish","format-standard","has-post-thumbnail","hentry","category-saude","tag-saude","tag-vida-saudavel"],"_links":{"self":[{"href":"https:\/\/www.prevoir.pt\/bloguemomentus\/wp-json\/wp\/v2\/posts\/2260","targetHints":{"allow":["GET"]}}],"collection":[{"href":"https:\/\/www.prevoir.pt\/bloguemomentus\/wp-json\/wp\/v2\/posts"}],"about":[{"href":"https:\/\/www.prevoir.pt\/bloguemomentus\/wp-json\/wp\/v2\/types\/post"}],"author":[{"embeddable":true,"href":"https:\/\/www.prevoir.pt\/bloguemomentus\/wp-json\/wp\/v2\/users\/2"}],"replies":[{"embeddable":true,"href":"https:\/\/www.prevoir.pt\/bloguemomentus\/wp-json\/wp\/v2\/comments?post=2260"}],"version-history":[{"count":1,"href":"https:\/\/www.prevoir.pt\/bloguemomentus\/wp-json\/wp\/v2\/posts\/2260\/revisions"}],"predecessor-version":[{"id":2513,"href":"https:\/\/www.prevoir.pt\/bloguemomentus\/wp-json\/wp\/v2\/posts\/2260\/revisions\/2513"}],"wp:featuredmedia":[{"embeddable":true,"href":"https:\/\/www.prevoir.pt\/bloguemomentus\/wp-json\/wp\/v2\/media\/1329"}],"wp:attachment":[{"href":"https:\/\/www.prevoir.pt\/bloguemomentus\/wp-json\/wp\/v2\/media?parent=2260"}],"wp:term":[{"taxonomy":"category","embeddable":true,"href":"https:\/\/www.prevoir.pt\/bloguemomentus\/wp-json\/wp\/v2\/categories?post=2260"},{"taxonomy":"post_tag","embeddable":true,"href":"https:\/\/www.prevoir.pt\/bloguemomentus\/wp-json\/wp\/v2\/tags?post=2260"}],"curies":[{"name":"wp","href":"https:\/\/api.w.org\/{rel}","templated":true}]}}