{"id":2262,"date":"2023-08-25T09:38:13","date_gmt":"2023-08-25T09:38:13","guid":{"rendered":"https:\/\/www.prevoir.pt\/bloguemomentus\/?p=958"},"modified":"2026-03-25T09:40:38","modified_gmt":"2026-03-25T09:40:38","slug":"protecao-solar-saiba-como-aproveitar-os-seus-beneficios-sem-comprometer-a-sua-saude","status":"publish","type":"post","link":"https:\/\/www.prevoir.pt\/bloguemomentus\/protecao-solar-saiba-como-aproveitar-os-seus-beneficios-sem-comprometer-a-sua-saude\/","title":{"rendered":"Prote\u00e7\u00e3o solar &#8211; Saiba como aproveitar os seus benef\u00edcios, sem comprometer a sua sa\u00fade"},"content":{"rendered":"\n<p class=\"has-medium-font-size\">A prote\u00e7\u00e3o solar \u00e9 um aliado essencial no cuidado da pele. O aumento dr\u00e1stico do n\u00famero de cancros de pele, em popula\u00e7\u00f5es de pele clara, nos \u00faltimos anos, tornam este tema muito pertinente. Explore alguns conceitos e saiba como cuidar do seu bem-estar.<\/p>\n\n\n\n<p>O sol \u00e9 uma ben\u00e7\u00e3o! Todos ficamos mais bem dispostos quando ele brilha. No entanto, existem <strong>perigos associados \u00e0 exposi\u00e7\u00e3o solar que devem ser levados em considera\u00e7\u00e3o.<\/strong> Uma prote\u00e7\u00e3o inadequada pode gerar problemas de sa\u00fade, tais como cancro de pele. Segundo a <a href=\"https:\/\/www.ligacontracancro.pt\/\" target=\"_blank\" rel=\"noreferrer noopener\">Liga Portuguesa Contra o Cancro<\/a>, este tipo de <strong>cancro \u00e9 o mais frequente a n\u00edvel mundial<\/strong> entre as popula\u00e7\u00f5es de pele predominantemente clara e a sua ocorr\u00eancia tem aumentado, de forma dr\u00e1stica, nas \u00faltimas d\u00e9cadas. Anualmente, s\u00e3o diagnosticados <strong>mais do que 1.500 melanomas malignos<\/strong>.<\/p>\n\n\n\n<p>A modera\u00e7\u00e3o e os cuidados de acordo com o aconselhamento dos dermatologistas s\u00e3o essenciais para garantir uma boa experi\u00eancia. \u00c9 aqui que entra o <strong>protetor solar, um fiel companheiro para todo o ano<\/strong>. Entender para o que serve, quais os n\u00edveis de prote\u00e7\u00e3o e as principais raz\u00f5es para usar este produto, v\u00e3o permitir que tenha um ver\u00e3o mais sereno e despreocupado!<\/p>\n\n\n\n<h2 class=\"wp-block-heading\"><strong>O que querem dizer os v\u00e1rios fatores do protetor solar?<\/strong><\/h2>\n\n\n\n<p>Antes de mais, \u00e9 importante entender o que \u00e9 o fator de prote\u00e7\u00e3o solar (FPS) ou <em>Sun Protection Factor<\/em> (SPF) em ingl\u00eas. Este \u00e9 um guia que ajuda a indicar a quantidade de energia solar necess\u00e1ria para causar a queimadura na pele protegida, em compara\u00e7\u00e3o com uma pele n\u00e3o protegida. Existe um mito associado ao FPS que relaciona este indicador com o tempo de exposi\u00e7\u00e3o solar, mas, tal como indica a FDA (<em>Food and Drug Administration<\/em>), tal n\u00e3o se constitui como verdade, uma vez que o FPS est\u00e1 relacionado com a quantidade de exposi\u00e7\u00e3o solar. Assim, existem diversos fatores que influenciam a quantidade de energia solar absorvida: tipo de pele, quantidade de protetor solar e a frequ\u00eancia de reaplica\u00e7\u00e3o, s\u00e3o alguns eles.<\/p>\n\n\n\n<p>Esta sigla, seguida de um n\u00famero, representa um dos grandes destaques dos frascos deste tipo de produto. <strong>SPF 15, 30 ou 50<\/strong> s\u00e3o alguns dos exemplos. A informa\u00e7\u00e3o <strong>indica o n\u00edvel de prote\u00e7\u00e3o contra os raios UVB<\/strong> \u2013 que s\u00e3o os principais causadores das queimaduras solares.<\/p>\n\n\n\n<p>Assim, quanto mais alto o FPS, maior a prote\u00e7\u00e3o. Por exemplo, um protetor solar com FPS 30 bloqueia cerca de 97% dos raios UVB, enquanto um com FPS 50 bloqueia cerca de 98%. Nunca \u00e9 poss\u00edvel uma filtragem completa deste tipo de raios, pelo que \u00e9 importante o refor\u00e7o da prote\u00e7\u00e3o durante o dia.<\/p>\n\n\n\n<h2 class=\"wp-block-heading\"><strong>Quais as principais raz\u00f5es para usar protetor solar?<\/strong><\/h2>\n\n\n\n<p>Face aos benef\u00edcios, pode considerar que existem, apenas, vantagens no seu uso! O protetor solar n\u00e3o o impede de ter uma pele bronzeada, apenas estar\u00e1 a colocar uma camada protetora na pele.<\/p>\n\n\n\n<p>Para al\u00e9m disso, poder\u00e1:<\/p>\n\n\n\n<ul class=\"wp-block-list\"><li>evitar uma pele vermelha e dolorosa;<\/li><li>cuidar do seu bem-estar e precaver danos cut\u00e2neos permanentes;<\/li><li>reduzir o risco de cancro de pele;<\/li><li>prevenir o envelhecimeno precoce da pele.<\/li><\/ul>\n\n\n\n<h2 class=\"wp-block-heading\"><strong>Durante quanto tempo dura a prote\u00e7\u00e3o?<\/strong><\/h2>\n\n\n\n<p>Desengane-se quem acha que basta uma aplica\u00e7\u00e3o di\u00e1ria para estar protegido&nbsp; do sol. Mesmo com um SPF elevado, \u00e9 essencial refor\u00e7ar a aplica\u00e7\u00e3o v\u00e1rias vezes ao dia. Considerando a regra de ouro de <strong>colocar protetor de duas em duas horas<\/strong>, este cuidado deve ser redobrado se estiver a praticar atividades aqu\u00e1ticas ou se transpirar muito. <strong>Mesmo os protetores solares resistentes \u00e0 \u00e1gua perdem efic\u00e1cia ap\u00f3s cerca de 40 a 80 minutos na \u00e1gua<\/strong>. O cuidado deve ser, ainda,&nbsp; mais apertado em peles sens\u00edveis ou em crian\u00e7as.<\/p>\n\n\n\n<h2 class=\"wp-block-heading\"><strong>Quanto tempo dura um protetor solar aberto?<\/strong><\/h2>\n\n\n\n<p>Todos os produtos, inclu\u00edndo os protetores solares, possuem um per\u00edodo de vida \u00fatil. Este prazo est\u00e1 indicado na pr\u00f3pria embalagem e deve ser respeitado. N\u00e3o se esque\u00e7a, ainda, que a exposi\u00e7\u00e3o ao calor ou \u00e0 luz solar direta pode acelerar o processo de deteriora\u00e7\u00e3o.<\/p>\n\n\n\n<h2 class=\"wp-block-heading\"><strong>5 dicas essenciais para aproveitar o sol com responsabilidade<\/strong><strong><\/strong><\/h2>\n\n\n\n<ul class=\"wp-block-list\"><li><strong>Escolha o protetor solar adequado<\/strong>&nbsp; e use-o durante todo o ano. Nos dias nublados, tamb\u00e9m est\u00e1 exposto aos raios solares.<\/li><li><strong>Aplique o protetor de forma generosa <\/strong>\u2013 Perca algum tempo a colocar este produto, para garantir que o espalha em todas as zonas do corpo. N\u00e3o se esque\u00e7a do pesco\u00e7o, das orelhas e dos p\u00e9s.<\/li><li><strong>A cada 2 horas, volte \u00e0 carga <\/strong>\u2013 Se tiver receio de se esquecer, coloque um alarme, para o lembrar de refor\u00e7ar a prote\u00e7\u00e3o solar.<\/li><li><strong>Evite estar exposto ao sol nas horas de maior calor <\/strong>\u2013 Mesmo com protetor solar, \u00e9 importante estar em locais frescos entre as 10h e as 16h.<\/li><li><strong>Use e abuse de vestu\u00e1rio de prote\u00e7\u00e3o<\/strong>. Chap\u00e9us de aba larga ou roupa com manga comprida v\u00e3o evitar que a pele esteja t\u00e3o exposta. <strong><\/strong><\/li><\/ul>\n\n\n\n<h2 class=\"wp-block-heading\"><strong>Em conclus\u00e3o&#8230;<\/strong><\/h2>\n\n\n\n<p>&nbsp;O protetor solar \u00e9 um daqueles produtos essenciais para poder <strong>aproveitar o ver\u00e3o, sem comprometer a sua sa\u00fade.<\/strong> Compreender como funciona, reconhecer a import\u00e2ncia da sua aplica\u00e7\u00e3o regular, bem como conhecer a durabilidade deste produto e seguir algumas dicas, s\u00e3o passos fundamentais para uma prote\u00e7\u00e3o solar eficaz. Lembre-se que estes pontos s\u00e3o um investimento na sa\u00fade da sua pele a longo prazo, e n\u00e3o apenas uma medida tempor\u00e1ria.<\/p>\n","protected":false},"excerpt":{"rendered":"<p>A prote\u00e7\u00e3o solar \u00e9 um aliado essencial no cuidado da pele. Explore alguns conceitos e saiba como cuidar do seu bem-estar.<\/p>\n","protected":false},"author":2,"featured_media":1333,"comment_status":"closed","ping_status":"closed","sticky":false,"template":"","format":"standard","meta":{"footnotes":""},"categories":[1,7],"tags":[23,24],"class_list":["post-2262","post","type-post","status-publish","format-standard","has-post-thumbnail","hentry","category-familia","category-saude","tag-familia","tag-saude"],"_links":{"self":[{"href":"https:\/\/www.prevoir.pt\/bloguemomentus\/wp-json\/wp\/v2\/posts\/2262","targetHints":{"allow":["GET"]}}],"collection":[{"href":"https:\/\/www.prevoir.pt\/bloguemomentus\/wp-json\/wp\/v2\/posts"}],"about":[{"href":"https:\/\/www.prevoir.pt\/bloguemomentus\/wp-json\/wp\/v2\/types\/post"}],"author":[{"embeddable":true,"href":"https:\/\/www.prevoir.pt\/bloguemomentus\/wp-json\/wp\/v2\/users\/2"}],"replies":[{"embeddable":true,"href":"https:\/\/www.prevoir.pt\/bloguemomentus\/wp-json\/wp\/v2\/comments?post=2262"}],"version-history":[{"count":1,"href":"https:\/\/www.prevoir.pt\/bloguemomentus\/wp-json\/wp\/v2\/posts\/2262\/revisions"}],"predecessor-version":[{"id":2507,"href":"https:\/\/www.prevoir.pt\/bloguemomentus\/wp-json\/wp\/v2\/posts\/2262\/revisions\/2507"}],"wp:featuredmedia":[{"embeddable":true,"href":"https:\/\/www.prevoir.pt\/bloguemomentus\/wp-json\/wp\/v2\/media\/1333"}],"wp:attachment":[{"href":"https:\/\/www.prevoir.pt\/bloguemomentus\/wp-json\/wp\/v2\/media?parent=2262"}],"wp:term":[{"taxonomy":"category","embeddable":true,"href":"https:\/\/www.prevoir.pt\/bloguemomentus\/wp-json\/wp\/v2\/categories?post=2262"},{"taxonomy":"post_tag","embeddable":true,"href":"https:\/\/www.prevoir.pt\/bloguemomentus\/wp-json\/wp\/v2\/tags?post=2262"}],"curies":[{"name":"wp","href":"https:\/\/api.w.org\/{rel}","templated":true}]}}