{"id":2268,"date":"2023-10-27T10:27:48","date_gmt":"2023-10-27T10:27:48","guid":{"rendered":"https:\/\/www.prevoir.pt\/bloguemomentus\/?p=986"},"modified":"2026-03-25T09:38:59","modified_gmt":"2026-03-25T09:38:59","slug":"como-escolher-as-coberturas-no-seguro-de-acidentes-pessoais-um-guia-passo-a-passo","status":"publish","type":"post","link":"https:\/\/www.prevoir.pt\/bloguemomentus\/como-escolher-as-coberturas-no-seguro-de-acidentes-pessoais-um-guia-passo-a-passo\/","title":{"rendered":"Como escolher as coberturas no seguro de acidentes pessoais: um guia passo a passo"},"content":{"rendered":"\n<p class=\"has-medium-font-size\">Estar protegido no dia a dia \u00e9 uma necessidade tranversal a qualquer ser humano \u2013 independentemente do seu estilo de vida ou idade. Entenda como abordar o <strong>seguro de acidentes pessoais<\/strong> e de que forma&nbsp; deve realizar a escolha das coberturas mais ajustadas ao seu caso.<\/p>\n\n\n\n<p>A procura por seguran\u00e7a e prote\u00e7\u00e3o \u00e9 uma das prioridades da vida! No entanto,&nbsp; <strong>o risco \u00e9 inerente do quotidiano<\/strong>. Mesmo que n\u00e3o se enquadre num estilo de vida ativo, saber\u00e1 que todos estamos sujeitos a acidentes. Muitos destes podem, inclusiv\u00e9, ocorrer no conforto do nosso lar. Os <strong>acidentes dom\u00e9sticos e de lazer ultrapassam os 188 mil<\/strong>, em que mais de 70% representam quedas, na grande maioria em casa, segundo o Instituto Nacional de Sa\u00fade Doutor Ricardo Jorge (INSA).<\/p>\n\n\n\n<p>Face a este contexto, o seguro de Acidentes Pessoais surge como uma solu\u00e7\u00e3o de <strong>prote\u00e7\u00e3o essencial<\/strong>, acautelando n\u00e3o apenas a sa\u00fade, como tamb\u00e9m o bem-estar financeiro, em caso de acidente.<\/p>\n\n\n\n<p>A <strong>escolha do valor associado a cada cobertura<\/strong> \u00e9 um dos aspetos que vai impactar o pr\u00e9mio mensal que ir\u00e1 pagar. Por isso, este \u00e9 um passo crucial para equilibrar as suas finan\u00e7as e garantir, ao mesmo tempo, que tem a prote\u00e7\u00e3o certa. Nos pr\u00f3ximos pontos, fazemos o resumo dos aspetos essenciais que deve ter em mente, para assegurar que a proposta de seguro que escolher responda \u00e0s suas necessidades individuais.&nbsp;<\/p>\n\n\n\n<h3 class=\"wp-block-heading\"><strong>1<\/strong>. <strong>Avalie a sua rotina e o ambiente que o rodeia<\/strong><\/h3>\n\n\n\n<p>Conhecer as nuances do seu dia a dia e as principais atividades do quotidiano permitem-lhe ter um maior entendimento sobre o tipo de coberturas a que deve dar prioridade. Considere as necessidades de assist\u00eancia que pode vir a precisar e o impacto financeiro que uma situa\u00e7\u00e3o inesperada pode despoletar no seu or\u00e7amento, face a um per\u00edodo de inatividade profissional, por exemplo.<\/p>\n\n\n\n<h3 class=\"wp-block-heading\"><strong>2. Personalize o seguro de acordo com o seu estilo de vida<\/strong><\/h3>\n\n\n\n<p>A subscri\u00e7\u00e3o de um seguro de acidentes pessoais n\u00e3o \u00e9 algo r\u00edgido, pois a vida de cada pessoa tamb\u00e9m n\u00e3o o \u00e9. Ao considerar os valores associados a cada cobertura, \u00e9 essencial ter em conta o seu contexto profissional e pessoal.<\/p>\n\n\n\n<p>A sua atividade profissional \u00e9 de risco? Trabalha por conta de outr\u00e9m ou \u00e9 trabalhador independente? Como se desloca para o emprego? Viaja muitas vezes para o estrangeiro? As viagens s\u00e3o em contexto de trabalho ou de lazer? Gosta de desportos ao ar livre? Necessita de apoio financeiro para prote\u00e7\u00e3o familiar, em caso de acidente? Se recorrer a baixa m\u00e9dica, a compensa\u00e7\u00e3o recebida pela Seguran\u00e7a Social cobre todas as suas despesas? Habitualmente, conduz um autom\u00f3vel ou ve\u00edculos de duas rodas?<\/p>\n\n\n\n<p>Dependendo do tipo de ve\u00edculo de duas rodas, a cilindrada poder\u00e1 afetar o tipo de cobertura que deve subscrever. Por exemplo, no seguro PR\u00c9VOIR Acidentes Pessoais os condutores de trotinetes ou de ve\u00edculos de cilindrada inferior a 250cc est\u00e3o sempre protegidos na solu\u00e7\u00e3o base, enquanto que os condutores de ve\u00edculos com cilindrada igual ou superior a 250cc necessitam da subscri\u00e7\u00e3o da op\u00e7\u00e3o de extens\u00e3o das garantias, para estarem protegidos em caso de acidente.<\/p>\n\n\n\n<h3 class=\"wp-block-heading\"><strong>3. Equil\u00edbrio entre pr\u00e9mio mensal e a prote\u00e7\u00e3o adequada<\/strong><\/h3>\n\n\n\n<p>Um seguro de acidentes pessoais n\u00e3o tem que pesar no seu or\u00e7amento mensal. Se adequar o valor do capital seguro e das garantias \u00e0s suas necessidades reais, poder\u00e1 ter um investimento mensal acess\u00edvel. Tudo depende do n\u00edvel de prote\u00e7\u00e3o que acha adequado escolher. O PR\u00c9VOIR Acidentes Pessoais pode ser subscrito a partir de 2\u20ac por m\u00eas.<\/p>\n\n\n\n<h3 class=\"wp-block-heading\"><strong>4. A import\u00e2ncia do valor contratado para as coberturas do seguro<\/strong><\/h3>\n\n\n\n<p>Os valores de cobertura contratados s\u00e3o uns dos alicerces do seu seguro. Estes determinar\u00e3o a extens\u00e3o da prote\u00e7\u00e3o oferecida e influenciar\u00e3o as presta\u00e7\u00f5es a pagar.<\/p>\n\n\n\n<p>Por exemplo, adicionar a garantia de <strong>Incapacidade Tempor\u00e1ria por Acidente<\/strong> ao seu seguro, vai permitir-lhe uma maior estabilidade financeira, em caso de baixa m\u00e9dica, visto que o segurado recebe uma indemniza\u00e7\u00e3o calculada e paga logo ap\u00f3s o sinistro.<\/p>\n\n\n\n<h3 class=\"wp-block-heading\"><strong>5. A influ\u00eancia da sua atividade profissional no pr\u00e9mio<\/strong><\/h3>\n\n\n\n<p>Subscrever um seguro de acidentes pessoais de forma individual <strong>refor\u00e7a a sua prote\u00e7\u00e3o<\/strong>. Assim, caso sofra algum acidente durante o seu hor\u00e1rio laboral est\u00e1 duplamente protegido &#8211; tanto pelo seguro de acidentes de trabalho, obrigat\u00f3rio e contratado pela empresa, como pelo seguro de acidentes pessoais individual. &nbsp;<\/p>\n\n\n\n<p>O pr\u00e9mio mensal do seguro leva em considera\u00e7\u00e3o a sua atividade profissional e os riscos associados \u00e0 mesma. Informe-se com o seu mediador sobre o impacto que o setor onde trabalha pode ter no pr\u00e9mio mensal do seu seguro de acidentes pessoais.<\/p>\n\n\n\n<h3 class=\"wp-block-heading\"><strong>Em suma&#8230;<\/strong><\/h3>\n\n\n\n<p>O seguro de acidentes pessoais \u00e9 uma excelente op\u00e7\u00e3o para enfrentar os imprevistos da vida. Esse tipo de prote\u00e7\u00e3o \u00e9 uma escolha inteligente para todas as pessoas que procuram tranquilidade e seguran\u00e7a. Uma an\u00e1lise ponderada \u00e0s v\u00e1rias op\u00e7\u00f5es do mercado e \u00e0s garantias que melhor se ajustam ao seu contexto pessoal v\u00e3o encaminh\u00e1-lo at\u00e9 ao produto certo, para o acompanhar em todas as fases da vida.<\/p>\n\n\n\n<p>Com o seguro de acidentes pessoais da PR\u00c9VOIR, esteja a trabalhar ou em lazer, em Porugal ou no estrangeiro, vai ser poss\u00edvel ter acesso a:<\/p>\n\n\n\n<ul class=\"wp-block-list\"><li><strong>Um capital em caso de morte ou invalidez permanente.<\/strong><\/li><li><strong>Servi\u00e7os de assist\u00eancia sempre que necess\u00e1rio<\/strong>, at\u00e9 aos 75 anos.<\/li><li>Uma <strong>indemiza\u00e7\u00e3o em caso de baixa m\u00e9dica<\/strong>, com a garantia ITA.<\/li><li>Ao pagamento das <strong>despesas de tratamento e repatriamento<\/strong>.<\/li><li>A um capital para <strong>despesas de funeral<\/strong>.<\/li><li>\u00c0 <strong>prote\u00e7\u00e3o na movimenta\u00e7\u00e3o em ve\u00edculo de duas rodas<\/strong> ou extens\u00e3o das garantias em caso de condu\u00e7\u00e3o de ve\u00edculos com cilindrada igual ou superior a 250cc.<\/li><\/ul>\n\n\n\n<p><strong>S\u00e3o \u00f3timos argumentos para ponderar, hoje mesmo, um seguro deste tipo!<\/strong><\/p>\n","protected":false},"excerpt":{"rendered":"<p>Estar protegido no quotidiao \u00e9 uma necessidade tranversal ao ser humano. Aborde o seguro de acidentes pessoaise a escolha das coberturas&#8230;<\/p>\n","protected":false},"author":2,"featured_media":1344,"comment_status":"closed","ping_status":"closed","sticky":false,"template":"","format":"standard","meta":{"footnotes":""},"categories":[1,6],"tags":[21],"class_list":["post-2268","post","type-post","status-publish","format-standard","has-post-thumbnail","hentry","category-familia","category-seguranca","tag-acidentes-pessoais"],"_links":{"self":[{"href":"https:\/\/www.prevoir.pt\/bloguemomentus\/wp-json\/wp\/v2\/posts\/2268","targetHints":{"allow":["GET"]}}],"collection":[{"href":"https:\/\/www.prevoir.pt\/bloguemomentus\/wp-json\/wp\/v2\/posts"}],"about":[{"href":"https:\/\/www.prevoir.pt\/bloguemomentus\/wp-json\/wp\/v2\/types\/post"}],"author":[{"embeddable":true,"href":"https:\/\/www.prevoir.pt\/bloguemomentus\/wp-json\/wp\/v2\/users\/2"}],"replies":[{"embeddable":true,"href":"https:\/\/www.prevoir.pt\/bloguemomentus\/wp-json\/wp\/v2\/comments?post=2268"}],"version-history":[{"count":1,"href":"https:\/\/www.prevoir.pt\/bloguemomentus\/wp-json\/wp\/v2\/posts\/2268\/revisions"}],"predecessor-version":[{"id":2501,"href":"https:\/\/www.prevoir.pt\/bloguemomentus\/wp-json\/wp\/v2\/posts\/2268\/revisions\/2501"}],"wp:featuredmedia":[{"embeddable":true,"href":"https:\/\/www.prevoir.pt\/bloguemomentus\/wp-json\/wp\/v2\/media\/1344"}],"wp:attachment":[{"href":"https:\/\/www.prevoir.pt\/bloguemomentus\/wp-json\/wp\/v2\/media?parent=2268"}],"wp:term":[{"taxonomy":"category","embeddable":true,"href":"https:\/\/www.prevoir.pt\/bloguemomentus\/wp-json\/wp\/v2\/categories?post=2268"},{"taxonomy":"post_tag","embeddable":true,"href":"https:\/\/www.prevoir.pt\/bloguemomentus\/wp-json\/wp\/v2\/tags?post=2268"}],"curies":[{"name":"wp","href":"https:\/\/api.w.org\/{rel}","templated":true}]}}