{"id":2276,"date":"2023-12-22T10:19:30","date_gmt":"2023-12-22T10:19:30","guid":{"rendered":"https:\/\/www.prevoir.pt\/bloguemomentus\/?p=1086"},"modified":"2026-03-25T08:54:56","modified_gmt":"2026-03-25T08:54:56","slug":"descubra-como-potenciar-os-seus-beneficios-no-irs-antes-do-ano-terminar","status":"publish","type":"post","link":"https:\/\/www.prevoir.pt\/bloguemomentus\/descubra-como-potenciar-os-seus-beneficios-no-irs-antes-do-ano-terminar\/","title":{"rendered":"Descubra como potenciar os seus benef\u00edcios no IRS, antes do ano terminar!"},"content":{"rendered":"\n<p class=\"has-medium-font-size\">Estamos a menos de uma semana do encerramento do ano, mas se agir rapidamente, ainda ter\u00e1 tempo para implementar estrat\u00e9gias que potenciar\u00e3o os benef\u00edcios fiscais a que tem direito no IRS. Aceite algumas destas dicas e cuide da sua carteira.<\/p>\n\n\n\n<p>Com o final de 2023 a aproximar-se, d\u00ea <strong>prioridade \u00e0 poupan\u00e7a<\/strong> atrav\u00e9s de estrat\u00e9gias que permitem <strong>potenciar os benef\u00edcios no IRS<\/strong>. Com esta atitude proativa, estar\u00e1 a contribuir para maximizar o reembolso das suas despesas em 2024, aquando da entrega da declara\u00e7\u00e3o de rendimentos. Este montante adicional pode aliviar o seu or\u00e7amento mensal ou ser uma oportunidade para iniciar uma poupan\u00e7a a longo prazo, com solu\u00e7\u00f5es de capitaliza\u00e7\u00e3o.<\/p>\n\n\n\n<h3 class=\"wp-block-heading\">1. <strong>Antes de mais, esteja atento ao calend\u00e1rio fiscal<\/strong><\/h3>\n\n\n\n<p>\u00c9 essencial ter conhecimento das datas chave do calend\u00e1rio fiscal para n\u00e3o perder momentos importantes. Algumas obriga\u00e7\u00f5es terminam com o ano civil, enquanto outras se prolongam at\u00e9 ao in\u00edcio do ano seguinte. Consulte o Portal das Finan\u00e7as [https:\/\/info.portaldasfinancas.gov.pt\/pt\/apoio_contribuinte\/calendario_fiscal\/Pages\/obrigacoes.aspx] para obter informa\u00e7\u00f5es relevantes e esclarecer d\u00favidas.<\/p>\n\n\n\n<p><strong>At\u00e9 31 de dezembro do 2023<\/strong> \u2013 Data limite para todas as faturas serem consideradas no IRS desse ano.<\/p>\n\n\n\n<p><strong>At\u00e9 31 de janeiro de 2024<\/strong> \u2013 V\u00e1lido apenas para senhorios, para comunicar as rendas recebidas.<\/p>\n\n\n\n<p><strong>At\u00e9 15 de fevereiro de 2024<\/strong> \u2013 Comunica\u00e7\u00e3o do agregado familiar \u2013 confirma\u00e7\u00e3o ou altera\u00e7\u00e3o dos dados \u2013 que reporte a 31 de dezembro de 2023. Neste momento, pode, ainda, atualizar informa\u00e7\u00f5es sobre a resid\u00eancia alternada de dependentes em guarda conjunta ou comunicar encargos de rendas, caso tenha mudado a sua resid\u00eancia permanente para o interior do pa\u00eds.<\/p>\n\n\n\n<p><strong>At\u00e9 25 de fevereiro de 2024 <\/strong>\u2013 Data limite para inserir, verificar e validar todas as faturas no e-fatura. Se \u00e9 trabalhador independente, este \u00e9 o momento para indicar os gastos realizados no \u00e2mbito da sua atividade.<\/p>\n\n\n\n<p><strong>At\u00e9 15 de mar\u00e7o de 2024 \u2013<\/strong> Ser\u00e3o disponibilizados os valores totais de dedu\u00e7\u00e3o \u00e0 coleta, pr\u00e9-preenchidos na declara\u00e7\u00e3o de IRS.<\/p>\n\n\n\n<p><strong>Entre 15 de mar\u00e7o e 31 de mar\u00e7o de 2024 \u2013<\/strong> Caso n\u00e3o concorde com os valores apresentados, pode reclamar durante este per\u00edodo.<\/p>\n\n\n\n<p><strong>De 1 de abril a 30 de junho de 2024 \u2013 <\/strong>Prazo para realizar a sua entrega de IRS, relativa aos rendimentos de 2023.<\/p>\n\n\n\n<p><strong>At\u00e9 31 de julho de 2024 \u2013<\/strong> Prazo limite para o reembolso e envio da nota de liquida\u00e7\u00e3o do IRS, caso o prazos de entrega tenha sido cumprido.<\/p>\n\n\n\n<p><\/p>\n\n\n\n<h3 class=\"wp-block-heading\">2. <strong>Compre, sempre, com fatura<\/strong><\/h3>\n\n\n\n<p>Ao solicitar faturas com <strong>n\u00famero de contribuinte em todas as suas compras<\/strong>, acumula valores no IRS. O resumo do seu consumo estar\u00e1 dispon\u00edvel no Portal do E-Fatura, categorizando as despesas em v\u00e1rias rubricas, sendo a maioria catalogada como <strong>despesas gerais e familiares<\/strong>. O limite de dedu\u00e7\u00e3o m\u00e1xima \u00e9 de <strong>250 euros por contribuinte ou 500 euros por casal<\/strong>, quando entregam a declara\u00e7\u00e3o de IRS em conjunto.<\/p>\n\n\n\n<p>Al\u00e9m disso, tem o direito a deduzir<strong> at\u00e9 15% do IVA<\/strong> em despesas com restaurantes, alojamentos, cabeleireiros, manuten\u00e7\u00e3o e repara\u00e7\u00e3o autom\u00f3vel, veterin\u00e1rios, gin\u00e1sios e desporto. Ap\u00f3s atingir o limite em v\u00e1rias categorias, n\u00e3o ser\u00e1 poss\u00edvel acumular mais valor para considera\u00e7\u00e3o no IRS.<\/p>\n\n\n\n<h3 class=\"wp-block-heading\">3. <strong>Valide as faturas na categoria certa<\/strong><\/h3>\n\n\n\n<p>Embora pare\u00e7a um pequeno pormenor, \u00e9 essencial entrar no E-Fatura e <strong>verificar se as faturas est\u00e3o associadas \u00e0 categoria correta<\/strong> para potenciar a dedu\u00e7\u00e3o \u00e0 coleta. Se n\u00e3o o fizer, as faturas ser\u00e3o automaticamente colocadas na categoria de Despesas Gerais e Familiares.<\/p>\n\n\n\n<h3 class=\"wp-block-heading\">4. <strong>Invista num Plano de Poupan\u00e7a Reforma (PPR)<\/strong><\/h3>\n\n\n\n<p>Ao subscrever um PPR, est\u00e1 a cuidar do seu futuro e, ao mesmo tempo, a usufruir de um benef\u00edcio fiscal. Por ser uma solu\u00e7\u00e3o de complemento \u00e0 reforma e poupan\u00e7a a longo prazo, tem direito a d<strong>eduzir \u00e0 coleta 20% dos valores aplicados anualmente,<\/strong> com limites espec\u00edficos para diferentes faixas et\u00e1rias:<\/p>\n\n\n\n<ul class=\"wp-block-list\"><li>At\u00e9 35 anos: <strong>400 euros<\/strong> ao investir 2.000 euros.<\/li><li>Entre 35 e 50 anos: <strong>350 euros<\/strong> ao investir 1.750 euros.<\/li><li>Ap\u00f3s os 50 anos at\u00e9 \u00e0 idade da reforma: <strong>300 euros<\/strong> ao investir 1.500 euros.<\/li><\/ul>\n\n\n\n<h3 class=\"wp-block-heading\"><strong>5. Antecipe despesas necess\u00e1rias<\/strong><\/h3>\n\n\n\n<p>Se tem liquidez, considere tratar de repara\u00e7\u00f5es adiadas, permitindo incluir estas faturas em 2023. Resolver problemas em casa, realizar uma revis\u00e3o autom\u00f3vel ou um <em>check-up<\/em> m\u00e9dico nos pr\u00f3ximos dias pode permitir usufruir de benef\u00edcios adicionais nesta categoria.<\/p>\n\n\n\n<p>Com estas dicas, inicie 2024 com uma atitude proativa em rela\u00e7\u00e3o \u00e0s suas finan\u00e7as. Pequenas a\u00e7\u00f5es podem fazer a diferen\u00e7a! Desejamos-lhe um excelente ano!<\/p>\n","protected":false},"excerpt":{"rendered":"<p>Implemente estrat\u00e9giass que potenciar\u00e3o os benef\u00edcios fiscais a que tem direito no IRS. Aceite algumas destas dicas e cuide da sua carteira.<\/p>\n","protected":false},"author":2,"featured_media":1360,"comment_status":"closed","ping_status":"closed","sticky":false,"template":"","format":"standard","meta":{"footnotes":""},"categories":[5],"tags":[29],"class_list":["post-2276","post","type-post","status-publish","format-standard","has-post-thumbnail","hentry","category-poupanca","tag-poupanca"],"_links":{"self":[{"href":"https:\/\/www.prevoir.pt\/bloguemomentus\/wp-json\/wp\/v2\/posts\/2276","targetHints":{"allow":["GET"]}}],"collection":[{"href":"https:\/\/www.prevoir.pt\/bloguemomentus\/wp-json\/wp\/v2\/posts"}],"about":[{"href":"https:\/\/www.prevoir.pt\/bloguemomentus\/wp-json\/wp\/v2\/types\/post"}],"author":[{"embeddable":true,"href":"https:\/\/www.prevoir.pt\/bloguemomentus\/wp-json\/wp\/v2\/users\/2"}],"replies":[{"embeddable":true,"href":"https:\/\/www.prevoir.pt\/bloguemomentus\/wp-json\/wp\/v2\/comments?post=2276"}],"version-history":[{"count":1,"href":"https:\/\/www.prevoir.pt\/bloguemomentus\/wp-json\/wp\/v2\/posts\/2276\/revisions"}],"predecessor-version":[{"id":2492,"href":"https:\/\/www.prevoir.pt\/bloguemomentus\/wp-json\/wp\/v2\/posts\/2276\/revisions\/2492"}],"wp:featuredmedia":[{"embeddable":true,"href":"https:\/\/www.prevoir.pt\/bloguemomentus\/wp-json\/wp\/v2\/media\/1360"}],"wp:attachment":[{"href":"https:\/\/www.prevoir.pt\/bloguemomentus\/wp-json\/wp\/v2\/media?parent=2276"}],"wp:term":[{"taxonomy":"category","embeddable":true,"href":"https:\/\/www.prevoir.pt\/bloguemomentus\/wp-json\/wp\/v2\/categories?post=2276"},{"taxonomy":"post_tag","embeddable":true,"href":"https:\/\/www.prevoir.pt\/bloguemomentus\/wp-json\/wp\/v2\/tags?post=2276"}],"curies":[{"name":"wp","href":"https:\/\/api.w.org\/{rel}","templated":true}]}}