{"id":2280,"date":"2024-01-24T11:50:04","date_gmt":"2024-01-24T11:50:04","guid":{"rendered":"https:\/\/www.prevoir.pt\/bloguemomentus\/?p=1133"},"modified":"2026-03-31T12:54:35","modified_gmt":"2026-03-31T12:54:35","slug":"trabalhador-independente-proteja-se-e-garanta-o-seu-futuro","status":"publish","type":"post","link":"https:\/\/www.prevoir.pt\/bloguemomentus\/trabalhador-independente-proteja-se-e-garanta-o-seu-futuro\/","title":{"rendered":"Trabalhador independente: proteja-se e garanta o seu futuro"},"content":{"rendered":"\n<p class=\"has-medium-font-size\">O n\u00famero de freelancers ou trabalhadores por conta pr\u00f3pria tem aumentado nos \u00faltimos anos. H\u00e1 cada vez mais pessoas a querer assumir, de forma independente, o rumo da sua carreira. Mas, para acautelar o presente e o futuro, \u00e9 importante entender-se a import\u00e2ncia da prote\u00e7\u00e3o neste contexto.<\/p>\n\n\n\n<p>Em Portugal, os trabalhadores independentes com contribui\u00e7\u00f5es \u00e0 Seguran\u00e7a Social eram <strong>mais de 355 mil<\/strong>, segundo dados publicados em dezembro de 2022 pelo Gabinete de Estrat\u00e9gia e Planeamento (GEP) do Minist\u00e9rio do Trabalho, Solidariedade e Seguran\u00e7a Social. A escolha pela independ\u00eancia profissional \u00e9 um caminho que tem aliciado cada vez mais pessoas, mas \u00e9 uma jornada repleta de desafios. Ao iniciar um projeto de vida auton\u00f3nomo, a <strong>estabilidade financeira e a prote\u00e7\u00e3o do futuro tornam-se responsabilidades pessoais<\/strong>, pelo que \u00e9 essencial uma estrat\u00e9gia preventiva para acautelar alguma estabilidade, num contexto de trabalho por conta pr\u00f3pria.<\/p>\n\n\n\n<h3 class=\"wp-block-heading\"><strong>A imprevisibilidade na vida de um empreendedor<\/strong><\/h3>\n\n\n\n<p>A falta de garantias salariais mensais e a incerteza quanto \u00e0 continuidade dos projetos em que est\u00e3o envolvidos \u00e9 a realidade para um <em>freelancer<\/em> ou trabalhador por conta pr\u00f3pria. Face a isto, \u00e9 importante que haja uma <strong>abordagem estrat\u00e9gica quanto aos imprevistos do presente e \u00e0 estabilidade futura.<\/strong> A seguran\u00e7a financeira torna-se uma prioridade, exigindo medidas proativas para lidar com esta instabilidade profissional.<\/p>\n\n\n\n<h3 class=\"wp-block-heading\"><strong>Seguro obrigat\u00f3rio \u2013 Seguro de Acidentes de Trabalho<\/strong><\/h3>\n\n\n\n<p>O seguro de acidentes de trabalho \u00e9 uma prote\u00e7\u00e3o obrigat\u00f3ria para todos os trabalhadores, quer estejam por conta pr\u00f3pria ou por conta de outr\u00e9m, estando descrita na Lei n.\u00ba 100\/97. Esta prote\u00e7\u00e3o abrange qualquer tipo de acidente durante o hor\u00e1rio de trabalho, que cause danos corporais, doen\u00e7as ou morte do colaborador. As desloca\u00e7\u00f5es de\/para o local onde \u00e9 exercida a atividade profissional tamb\u00e9m est\u00e3o inclu\u00eddos neste tipo de obrigatoriedade.<\/p>\n\n\n\n<h3 class=\"wp-block-heading\"><strong>Prote\u00e7\u00e3o adicional que pode fazer a diferen\u00e7a no presente e no futuro<\/strong><\/h3>\n\n\n\n<p>Para al\u00e9m do que est\u00e1 estipulado na lei, existem outras solu\u00e7\u00f5es que permitem um dia a dia mais tranquilo para qualquer profissional liberal. A sua subscri\u00e7\u00e3o deve ser vista como um investimento na estabilidade e no amanh\u00e3. Os imprevistos s\u00e3o isso mesmo, inesperados, pelo que deve jogar com a antecipa\u00e7\u00e3o!<\/p>\n\n\n\n<p><strong><a href=\"https:\/\/www.prevoir.pt\/saude\" target=\"_blank\" rel=\"noreferrer noopener\">Seguro de Sa\u00fade<\/a><\/strong> \u2013 Uma das op\u00e7\u00f5es essenciais para garantir os cuidados m\u00e9dicos adequados, a pre\u00e7os convencionados, quando necessita deles. Para os trabalhadores independentes tempo \u00e9 dinheiro, pelo que solu\u00e7\u00f5es c\u00e9leres s\u00e3o essenciais para garantir que t\u00eam a resposta adequada, no momento que necessitam.<\/p>\n\n\n\n<p><strong><a href=\"https:\/\/www.prevoir.pt\/acidentes-pessoais\" target=\"_blank\" rel=\"noreferrer noopener\">Seguro de Acidentes Pessoais<\/a><\/strong> \u2013 Uma prote\u00e7\u00e3o deste tipo complementa o seguro obrigat\u00f3rio e garante-lhe a prote\u00e7\u00e3o em todos os contextos pessoais e profissionais, em caso de acidente ou doen\u00e7a, em Portugal ou no estrangeiro. Este tipo de seguro pode incluir at\u00e9 servi\u00e7os de assist\u00eancia, tal como acontece no <a href=\"https:\/\/www.prevoir.pt\/acidentes-pessoais\" target=\"_blank\" rel=\"noreferrer noopener\">Pr\u00e9voir Acidentes Pessoasis<\/a>.<\/p>\n\n\n\n<p><strong><a href=\"https:\/\/www.prevoir.pt\/familia\" target=\"_blank\" rel=\"noreferrer noopener\">Seguro de Vida<\/a><\/strong> \u2013 Num contexto de incerteza, um seguro de vida garante que a sua fam\u00edlia ter\u00e1 acesso a uma maior estabilidade financeira, se algo de inesperado lhe acontecer, que coloque em risco a continuidade da sua atividade profissional.<\/p>\n\n\n\n<p><strong>Seguro de Poupan\u00e7a<\/strong> \u2013 Os trabalhadores por conta pr\u00f3pria possuem mais dificuldade em conseguir uma almofada financeira est\u00e1vel. Com menos direitos do que os trabalhadores por conta de outr\u00e9m, poupar \u00e9 uma tarefa mais desafiante. Por isso, pensar no futuro com maior anteced\u00eancia \u00e9 uma medida cautelosa para ir conseguindo colocar algum valor mensal de lado. Uma solu\u00e7\u00e3o de <a href=\"https:\/\/www.prevoir.pt\/poupanca-reforma-prevoir-ppr-6\" target=\"_blank\" rel=\"noreferrer noopener\">Plano de Poupan\u00e7a Reforma<\/a> ou um seguro misto, tal como o <a href=\"https:\/\/www.prevoir.pt\/familia-prevoir-solucao-total\" target=\"_blank\" rel=\"noreferrer noopener\">Pr\u00e9voir Solu\u00e7\u00e3o Total<\/a> \u2013 que alia prote\u00e7\u00e3o a poupan\u00e7a &#8211;&nbsp; s\u00e3o boas op\u00e7\u00f5es para este tipo de contexto.<\/p>\n\n\n\n<h3 class=\"wp-block-heading\"><strong>Em suma&#8230;<\/strong><\/h3>\n\n\n\n<p>Ser trabalhador independente permite-lhe ser \u201cdono do seu tempo\u201d mas acarreta muitos desafios. Ter o futuro nas suas m\u00e3os requer uma abordagem abrangente e uma atitude proativa. Uma mentalidade estrat\u00e9gica permitir\u00e1 um futuro financeiro mais est\u00e1vel e promissor.<\/p>\n","protected":false},"excerpt":{"rendered":"<p>H\u00e1 cada vez mais trabalhadores independentes. Mas, para acautelar o presente e o futuro, \u00e9 importante entender-se a import\u00e2ncia da prote\u00e7\u00e3o neste contexto.<\/p>\n","protected":false},"author":2,"featured_media":1368,"comment_status":"closed","ping_status":"closed","sticky":false,"template":"","format":"standard","meta":{"footnotes":""},"categories":[5],"tags":[36],"class_list":["post-2280","post","type-post","status-publish","format-standard","has-post-thumbnail","hentry","category-poupanca","tag-empresas"],"_links":{"self":[{"href":"https:\/\/www.prevoir.pt\/bloguemomentus\/wp-json\/wp\/v2\/posts\/2280","targetHints":{"allow":["GET"]}}],"collection":[{"href":"https:\/\/www.prevoir.pt\/bloguemomentus\/wp-json\/wp\/v2\/posts"}],"about":[{"href":"https:\/\/www.prevoir.pt\/bloguemomentus\/wp-json\/wp\/v2\/types\/post"}],"author":[{"embeddable":true,"href":"https:\/\/www.prevoir.pt\/bloguemomentus\/wp-json\/wp\/v2\/users\/2"}],"replies":[{"embeddable":true,"href":"https:\/\/www.prevoir.pt\/bloguemomentus\/wp-json\/wp\/v2\/comments?post=2280"}],"version-history":[{"count":2,"href":"https:\/\/www.prevoir.pt\/bloguemomentus\/wp-json\/wp\/v2\/posts\/2280\/revisions"}],"predecessor-version":[{"id":2485,"href":"https:\/\/www.prevoir.pt\/bloguemomentus\/wp-json\/wp\/v2\/posts\/2280\/revisions\/2485"}],"wp:featuredmedia":[{"embeddable":true,"href":"https:\/\/www.prevoir.pt\/bloguemomentus\/wp-json\/wp\/v2\/media\/1368"}],"wp:attachment":[{"href":"https:\/\/www.prevoir.pt\/bloguemomentus\/wp-json\/wp\/v2\/media?parent=2280"}],"wp:term":[{"taxonomy":"category","embeddable":true,"href":"https:\/\/www.prevoir.pt\/bloguemomentus\/wp-json\/wp\/v2\/categories?post=2280"},{"taxonomy":"post_tag","embeddable":true,"href":"https:\/\/www.prevoir.pt\/bloguemomentus\/wp-json\/wp\/v2\/tags?post=2280"}],"curies":[{"name":"wp","href":"https:\/\/api.w.org\/{rel}","templated":true}]}}