{"id":2281,"date":"2024-02-16T18:20:59","date_gmt":"2024-02-16T18:20:59","guid":{"rendered":"https:\/\/www.prevoir.pt\/bloguemomentus\/?p=1151"},"modified":"2026-03-31T12:54:17","modified_gmt":"2026-03-31T12:54:17","slug":"perda-de-autonomia-e-o-envelhecimento-como-lidar","status":"publish","type":"post","link":"https:\/\/www.prevoir.pt\/bloguemomentus\/perda-de-autonomia-e-o-envelhecimento-como-lidar\/","title":{"rendered":"Perda de autonomia e o envelhecimento \u2013 Como lidar"},"content":{"rendered":"\n<p class=\"has-medium-font-size\">Vivemos cada vez mais, o que \u00e9 uma \u00f3tima not\u00edcia! Mas, com o avan\u00e7ar da idade, surgem novos desafios. A perda de autonomia \u00e9 um deles. Aprenda algumas estrat\u00e9gias para lidar com esta condi\u00e7\u00e3o.&nbsp;<\/p>\n\n\n\n<p>O envelhecimento \u00e9 uma fase natural da vida que acarreta diversas altera\u00e7\u00f5es f\u00edsicas, psicol\u00f3gicas e sociais. Entre os desafios enfrentados por muitos s\u00e9niores, a <strong>perda de autonomia<\/strong> destaca-se como um dos mais tem mais impacto na sua qualidade de vida e no bem-estar. Neste artigo vamos explorar algumas das causas desta realidade e estrat\u00e9gias para enfrent\u00e1-la, de forma a promover, em cada fase da vida, uma exist\u00eancia mais independente e digna.<\/p>\n\n\n\n<p>A realidade portuguesa \u00e9 inequ\u00edvoca e \u00e0 semelhan\u00e7a de tantos outros pa\u00edses do mundo: a <strong>popula\u00e7\u00e3o est\u00e1, cada vez mais, envelhecida<\/strong>. Segundo dados do PORDATA, o n\u00famero de crian\u00e7as e jovens no nosso pa\u00eds diminuiu para metade em 50 anos.<\/p>\n\n\n\n<p>A <strong>perda de autonomia<\/strong> \u00e9 um dos fatores que est\u00e1, intimamente, ligado ao avan\u00e7ar da vida. As doen\u00e7as cr\u00f3nicas, o decl\u00ednio cognitivo e as limita\u00e7\u00f5es f\u00edsicas contribuem para este estado. A compreens\u00e3o destes fatores \u00e9 essencial para se conseguir identificar solu\u00e7\u00f5es eficazes que promovam a seguran\u00e7a e o bem-estar.<\/p>\n\n\n\n<h2 class=\"wp-block-heading\"><strong>Impactos psicol\u00f3gicos e sociais<\/strong><\/h2>\n\n\n\n<p>\u00c9 fundamental a empatia para com as pessoas que est\u00e3o a sentir estas sensa\u00e7\u00f5es de perda de controlo f\u00edsico. A falta de autonomia interfere, tamb\u00e9m, com <strong>aspetos psicol\u00f3gicos e sociais<\/strong>. Sendo uma condi\u00e7\u00e3o progressiva, os primeiros sinais podem incluir o isolamento, a ideia de perda de valor e a subsequente depress\u00e3o.<\/p>\n\n\n\n<p>Neste contexto, a <strong>fam\u00edlia desempenha um papel crucial<\/strong>, em v\u00e1rios momentos:<\/p>\n\n\n\n<ul class=\"wp-block-list\"><li><strong>apoio emocional<\/strong>, para que o s\u00e9nior entenda os novos desafios com positivismo;<\/li><li><strong>amparo nas quest\u00f5es pr\u00e1ticas do dia a dia<\/strong>, que permitam minimizar o impacto desta condi\u00e7\u00e3o de vida;<\/li><li><strong>a participa\u00e7\u00e3o ativa nas decis\u00f5es <\/strong>relativas a cuidados b\u00e1sicos, mascom respeito pelas escolhas do familiar, de modo a que n\u00e3o sinta as suas capacidades diminu\u00eddas. &nbsp;<\/li><\/ul>\n\n\n\n<h2 class=\"wp-block-heading\"><strong>A perda de autonomia e os acidentes<\/strong><\/h2>\n\n\n\n<p>Os acidentes dom\u00e9sticos est\u00e3o entre as causas que mais potenciam a ida das pessoas \u00e0s urg\u00eancias. Na senioridade, as quedas s\u00e3o o tipo de acidente mais frequente e&nbsp; a principal causa de morte acidental, em maiores de 65 anos.<\/p>\n\n\n\n<h2 class=\"wp-block-heading\"><strong>Estrat\u00e9gias para lidar com a perda de autonomia<\/strong><\/h2>\n\n\n\n<p><strong>1. Adapta\u00e7\u00e3o do lar para maior seguran\u00e7a<\/strong><\/p>\n\n\n\n<p>Pequenas altera\u00e7\u00f5es em casa podem aumentar, significativamente, a autonomia com o avan\u00e7ar da idade:<\/p>\n\n\n\n<ul class=\"wp-block-list\"><li>A instala\u00e7\u00e3o de barras de apoio nos WC\u2019s e corrim\u00e3os nas escadas;<\/li><li>Coloca\u00e7\u00e3o de piso antiderrapante e a remo\u00e7\u00e3o ou fixa\u00e7\u00e3o de tapetes;<\/li><li>Uso de mobili\u00e1rio adaptado;<\/li><li>Instala\u00e7\u00e3o de luzes autom\u00e1ticas, com sensores de movimento para garantir boa ilumina\u00e7\u00e3o;<\/li><li>Em habita\u00e7\u00f5es com mais do que um piso, aposta nas acessibildiades, atrav\u00e9s de cadeiras elevat\u00f3rias ou elevador dom\u00e9stico.<\/li><\/ul>\n\n\n\n<p><strong>2. Uso de dispositivos de assist\u00eancia<\/strong><\/p>\n\n\n\n<p>A ado\u00e7\u00e3o de equipamentos que permitam ao s\u00e9nior estar em contacto com os seus familiares, numa situa\u00e7\u00e3o de emerg\u00eancia, potenciam a seguran\u00e7a e a tranquilidade. Os servi\u00e7os de teleassist\u00eancia e os sistemas de monitoriza\u00e7\u00e3o de sa\u00fade s\u00e3o alguns dos exemplos que ajudam \u00e0 independ\u00eancia e a uma maior qualidade de vida.&nbsp;<\/p>\n\n\n\n<p><strong>3. A manuten\u00e7\u00e3o da sa\u00fade f\u00edsica<\/strong><\/p>\n\n\n\n<p>A pr\u00e1tica regular de atividades f\u00edsicas \u00e9 crucial para manter a for\u00e7a muscular, a flexibilidade, o equil\u00edbrio e a sa\u00fade cardiovascular. Nesta fase da vida, estes s\u00e3o alguns exemplos do tipo de exerc\u00edcio de baixo impacto, que podem ser ben\u00e9ficos:<\/p>\n\n\n\n<ul class=\"wp-block-list\"><li>caminhada;<\/li><li>nata\u00e7\u00e3o ou hidrogin\u00e1stica;<\/li><li>yoga ou <em>tai chi.<\/em><\/li><\/ul>\n\n\n\n<p><\/p>\n\n\n\n<p><strong>4. A promo\u00e7\u00e3o da sa\u00fade mental<\/strong><\/p>\n\n\n\n<p>Cuidar da sa\u00fade mental \u00e9 t\u00e3o importante quanto cuidar da sa\u00fade f\u00edsica, sendo fundamental para uma vida independente. Atividades que estimulam a mente e promovem a socializa\u00e7\u00e3o s\u00e3o essenciais para manter a jovialidade do c\u00e9rebro:<\/p>\n\n\n\n<ul class=\"wp-block-list\"><li>Jogos de tabuleiro, puzzles, sudoku e palavras cruzadas;<\/li><li>Participa\u00e7\u00e3o em cursos que permitam a aquisi\u00e7\u00e3o de novos conhecimentos;<\/li><li>Pintura, desenho, dan\u00e7a ou outra iniciativa criativa;<\/li><li>Voluntariado.<\/li><\/ul>\n\n\n\n<p><strong>5. Uma nutri\u00e7\u00e3o adequada \u00e0 idade<\/strong><\/p>\n\n\n\n<p>A alimenta\u00e7\u00e3o \u00e9 um pilar essencial em todas as fases da vida, nomeadamente no envelhecimento. Ao longo da vida, o nosso corpo sofre diversas altera\u00e7\u00f5es no metabolismo, na absor\u00e7\u00e3o de nutrientes e nas necessidades energ\u00e9ticas, o que requer ajustes nutricionais. Estas a\u00e7\u00f5es permitir\u00e3o a preven\u00e7\u00e3o de v\u00e1rias condi\u00e7\u00f5es relacionadas com a idade:<\/p>\n\n\n\n<ul class=\"wp-block-list\"><li><strong>Ingest\u00e3o adequada de prote\u00ednas<\/strong>, essenciais para a manuten\u00e7\u00e3o de massa muscular e alimentos fontes de fibra e energia;<\/li><li><strong>Escolha de gorduras saud\u00e1veis<\/strong>, para cuidar da sa\u00fade cardiovascular;<\/li><li><strong>Inclus\u00e3o de vitaminas e minerais<\/strong>, tais como a vitamina D, B12, c\u00e1lcio e ferro na alimenta\u00e7\u00e3o di\u00e1ria, para auxiliar a sa\u00fade \u00f3ssea, a fun\u00e7\u00e3o nervosa e a preven\u00e7\u00e3o de anemia;<\/li><li>N\u00e3o descurar a <strong>hidrata\u00e7\u00e3o<\/strong>, essencial para o bem-estar geral;<\/li><li><strong>Redu\u00e7\u00e3o do consumo do sal e do a\u00e7\u00facar<\/strong>, para preven\u00e7\u00e3o de doen\u00e7as cr\u00f3nicas;<\/li><li><strong>Manuten\u00e7\u00e3o <\/strong>de uma rotina de refei\u00e7\u00f5es regulares.&nbsp;<\/li><\/ul>\n\n\n\n<h2 class=\"wp-block-heading\"><strong>Solu\u00e7\u00f5es de prote\u00e7\u00e3o adequadas a esta fase da vida<\/strong><\/h2>\n\n\n\n<p>Para al\u00e9m de todas as a\u00e7\u00f5es preventivas que enumer\u00e1mos, h\u00e1 que n\u00e3o esquecer a previd\u00eancia nos seguros. Ter uma vis\u00e3o ampla sobre os melhores seguros no envelhecimento, vai-lhe permitir enfrentar o avan\u00e7ar da idade com otimismo. Na PR\u00c9VOIR, vai encontrar o apoio adaptado nos produtos:<\/p>\n\n\n\n<ul class=\"wp-block-list\"><li><strong><u><a href=\"https:\/\/www.prevoir.pt\/familia-prevoir-solucao-vital\">PR\u00c9VOIR Solu\u00e7\u00e3o Vital<\/a><\/u><\/strong>, pensado para maiores de 55 anos, garantindo o apoio financeiro em caso de doen\u00e7a ou de acidente. As coberturas refor\u00e7adas em caso de hospitaliza\u00e7\u00e3o por acidente ou les\u00f5es corporais ser\u00e3o uma mais valia para esta faixa et\u00e1ria.<\/li><\/ul>\n\n\n\n<ul class=\"wp-block-list\"><li><strong><u><a href=\"https:\/\/www.prevoir.pt\/protecao-doencas-graves\">PR\u00c9VOIR Prote\u00e7\u00e3o Doen\u00e7as graves<\/a><\/u><\/strong>, com uma prote\u00e7\u00e3o completa entre os 50 e os 100 anos. Os servi\u00e7os de assist\u00eancia imediata que incluem 2\u00aa opini\u00e3o m\u00e9dica, o apoio nas doen\u00e7as graves, o apoio domicili\u00e1rio, um capital para adapta\u00e7\u00e3o do domic\u00edlio e m\u00e9dico de urg\u00eancia em casa, s\u00e3o essenciais para esta fase da vida. Para al\u00e9m disso, esta solu\u00e7\u00e3o integra a prote\u00e7\u00e3o no caso de diagn\u00f3stico das principais doen\u00e7as graves e um capital reservado para tratamentos e outras finalidades.<\/li><\/ul>\n\n\n\n<ul class=\"wp-block-list\"><li><strong><u><a href=\"https:\/\/www.prevoir.pt\/acidentes-pessoais\">PR\u00c9VOIR Acidentes Pessoais<\/a><\/u><\/strong>, contra imprevistos em caso de acidente, at\u00e9 aos 75 anos, acompanhando-o na vida pessoal e profissional, 24h\/dia e com servi\u00e7os de assist\u00eancia inclu\u00eddos.<\/li><\/ul>\n","protected":false},"excerpt":{"rendered":"<p>Vivemos cada vez mais, o que \u00e9 uma \u00f3tima not\u00edcia! Mas, com o avan\u00e7ar da idade, surgem novos desafios.<\/p>\n","protected":false},"author":2,"featured_media":1374,"comment_status":"closed","ping_status":"closed","sticky":false,"template":"","format":"standard","meta":{"footnotes":""},"categories":[7],"tags":[19],"class_list":["post-2281","post","type-post","status-publish","format-standard","has-post-thumbnail","hentry","category-saude","tag-seniores"],"_links":{"self":[{"href":"https:\/\/www.prevoir.pt\/bloguemomentus\/wp-json\/wp\/v2\/posts\/2281","targetHints":{"allow":["GET"]}}],"collection":[{"href":"https:\/\/www.prevoir.pt\/bloguemomentus\/wp-json\/wp\/v2\/posts"}],"about":[{"href":"https:\/\/www.prevoir.pt\/bloguemomentus\/wp-json\/wp\/v2\/types\/post"}],"author":[{"embeddable":true,"href":"https:\/\/www.prevoir.pt\/bloguemomentus\/wp-json\/wp\/v2\/users\/2"}],"replies":[{"embeddable":true,"href":"https:\/\/www.prevoir.pt\/bloguemomentus\/wp-json\/wp\/v2\/comments?post=2281"}],"version-history":[{"count":1,"href":"https:\/\/www.prevoir.pt\/bloguemomentus\/wp-json\/wp\/v2\/posts\/2281\/revisions"}],"predecessor-version":[{"id":2486,"href":"https:\/\/www.prevoir.pt\/bloguemomentus\/wp-json\/wp\/v2\/posts\/2281\/revisions\/2486"}],"wp:featuredmedia":[{"embeddable":true,"href":"https:\/\/www.prevoir.pt\/bloguemomentus\/wp-json\/wp\/v2\/media\/1374"}],"wp:attachment":[{"href":"https:\/\/www.prevoir.pt\/bloguemomentus\/wp-json\/wp\/v2\/media?parent=2281"}],"wp:term":[{"taxonomy":"category","embeddable":true,"href":"https:\/\/www.prevoir.pt\/bloguemomentus\/wp-json\/wp\/v2\/categories?post=2281"},{"taxonomy":"post_tag","embeddable":true,"href":"https:\/\/www.prevoir.pt\/bloguemomentus\/wp-json\/wp\/v2\/tags?post=2281"}],"curies":[{"name":"wp","href":"https:\/\/api.w.org\/{rel}","templated":true}]}}