{"id":2283,"date":"2024-03-15T11:42:31","date_gmt":"2024-03-15T11:42:31","guid":{"rendered":"https:\/\/www.prevoir.pt\/bloguemomentus\/?p=1163"},"modified":"2026-03-31T12:54:07","modified_gmt":"2026-03-31T12:54:07","slug":"10-conselhos-para-dormir-melhor-e-cuidar-da-saude","status":"publish","type":"post","link":"https:\/\/www.prevoir.pt\/bloguemomentus\/10-conselhos-para-dormir-melhor-e-cuidar-da-saude\/","title":{"rendered":"10 conselhos para dormir melhor e cuidar da sa\u00fade"},"content":{"rendered":"\n<p class=\"has-medium-font-size\">Descubra como uma boa noite de sono pode transformar a sua sa\u00fade e o seu bem-estar. Neste artigo desvendamos o poder restaurador do descanso, com estrat\u00e9gias eficazes para vencer as ins\u00f3nias e minimizar o impacto negativo que a falta de descanso traz para o dia a dia.<\/p>\n\n\n\n<p>Na atualidade, onde a produtividade e a constante atividade \u00e9 valorizada, relega-se, muitas vezes, o sono para um plano secund\u00e1rio. No entanto, esta abordagem influencia a nossa sa\u00fade e o bem-estar. O descanso noturno n\u00e3o \u00e9 simplesmente um per\u00edodo de inatividade, \u00e9 um estado indispens\u00e1vel para a recupera\u00e7\u00e3o f\u00edsica, mental e emocional.<\/p>\n\n\n\n<p>Uma <strong>boa noite de sono<\/strong> permite ao corpo empreender os processos de repara\u00e7\u00e3o celular, a consolida\u00e7\u00e3o da mem\u00f3ria e a regula\u00e7\u00e3o emocional. Todos eles <strong>cruciais para o funcionamento saud\u00e1vel do organismo<\/strong>. Al\u00e9m disso, o descanso est\u00e1 intimamente ligado \u00e0 manuten\u00e7\u00e3o de um sistema imunit\u00e1rio robusto, ao equil\u00edbrio hormonal e ao bem-estar psicol\u00f3gico.<\/p>\n\n\n\n<p>A <strong>priva\u00e7\u00e3o de sono tem consequ\u00eancias relevantes a longo prazo<\/strong>, tais como o risco aumentado de condi\u00e7\u00f5es cr\u00f3nicas de sa\u00fade. Obesidade, diabetes tipo 2, doen\u00e7as cardiovasculares e dist\u00farbios psiqui\u00e1tricos s\u00e3o alguns dos exemplos.<\/p>\n\n\n\n<p>Dada a import\u00e2ncia do sono, \u00e9 imperativo n\u00e3o deixar este tema para 2\u00ba plano. Uma noite bem dormida traduz-se numa vida mais saud\u00e1vel!<\/p>\n\n\n\n<h2 class=\"wp-block-heading\"><strong>Como funciona o nosso sono<\/strong><\/h2>\n\n\n\n<p>Para se compreender como podemos melhorar a qualidade do nosso sono, primeiro precisamos entender as suas caracter\u00edsticas e os fatores que o influenciam, nomeadamente as fases do sono, o ciclo circadiano e como vari\u00e1veis do meio ambiente e da idade afetam a capacidade de se dormir bem.<\/p>\n\n\n\n<h3 class=\"wp-block-heading\"><strong>Sono REM e NREM<\/strong><\/h3>\n\n\n\n<p>O sono \u00e9 dividido em v\u00e1rias fases, que podem ser categorizadas em dois tipos principais: <strong>REM<\/strong> (Movimento R\u00e1pido dos Olhos) e <strong>NREM<\/strong> (N\u00e3o REM). O sono <strong>NREM<\/strong> ocupa a maior parte do nosso tempo de sono e \u00e9 <strong>subdividido em tr\u00eas est\u00e1gios<\/strong>, que v\u00e3o do leve ao profundo. O sono <strong>REM<\/strong> \u00e9 a fase associada a sonhos intensos e \u00e9 crucial para o processamento das mem\u00f3rias e aprendizagens.&nbsp;<\/p>\n\n\n\n<p><strong>NREM 1 e 2<\/strong>: Sono leve, que serve como transi\u00e7\u00e3o para fases mais profundas.<\/p>\n\n\n\n<p><strong>NREM 3<\/strong>: Sono profundo, essencial para a restaura\u00e7\u00e3o f\u00edsica e mental.<\/p>\n\n\n\n<p><strong>REM<\/strong>: Acontece ap\u00f3s os est\u00e1gios NREM, suportando fun\u00e7\u00f5es cognitivas e a regula\u00e7\u00e3o emocional.<\/p>\n\n\n\n<p><strong>Cada ciclo de sono dura, aproxidamente, 90 minutos<\/strong>, repetindo-se v\u00e1rias vezes ao longo da noite. A altern\u00e2ncia entre as fases NREM e REM s\u00e3o essenciais para um descanso reparador.<\/p>\n\n\n\n<h3 class=\"wp-block-heading\"><strong>O ciclo circadiano<\/strong><\/h3>\n\n\n\n<p>Se nunca ouviu falar de ciclo circadiano poder\u00e1 j\u00e1 conhecer a express\u00e3o rel\u00f3gio biol\u00f3gico, que \u00e9 quem regula o padr\u00e3o do sono e a atividade ao longo das 24 horas. A luz \u00e9 a sua principal influ\u00eancia, sinalizando quando \u00e9 o momento para dormir ou para acordar.<\/p>\n\n\n\n<h3 class=\"wp-block-heading\"><strong>Influ\u00eancias do ambiente e da idade<\/strong><\/h3>\n\n\n\n<p>Existem diversos fatores que podem ter um impacto significativo no seu descanso. A temperatura, o ru\u00eddo, a ilumina\u00e7\u00e3o e o conforto do colch\u00e3o ou almofada s\u00e3o os mais frequentes.<\/p>\n\n\n\n<p>Com o envelhecimento o padr\u00e3o de sono tamb\u00e9m se altera. Os beb\u00e9s e crian\u00e7as necessitam de um per\u00edodo mais alargado, enquanto que os adultos tendem a ter um sono mais fragmentado.<\/p>\n\n\n\n<blockquote class=\"wp-block-quote is-layout-flow wp-block-quote-is-layout-flow\"><p><\/p><cite>A Organiza\u00e7\u00e3o Mundial de Sa\u00fade preconiza que, um adulto deve dormir, em m\u00e9dia, 7 a 9 horas por dia.<\/cite><\/blockquote>\n\n\n\n<h2 class=\"wp-block-heading\"><strong>A import\u00e2ncia do sono e os seus benef\u00edcios para a sa\u00fade f\u00edsica e mental<\/strong><\/h2>\n\n\n\n<p>Quando se olha para os n\u00fameros, toma-se consci\u00eancia que os portugueses andam a negligenciar o seu descanso. Segundo dados da Sociedade Portuguesa de Pneumologia, <strong>46% dos adultos com mais de 25 anos dormem menos de 6 horas<\/strong> por dia.<\/p>\n\n\n\n<p>Mas, \u00e9 no sono que o corpo realiza tarefas essenciais para o <strong>bem-estar f\u00edsico<\/strong>. As c\u00e9lulas s\u00e3o restauradas, s\u00e3o libertadas as hormonas que regulam o crescimento e o apetite, bem como o fortalecimento do sistema imunit\u00e1rio. Um sono de qualidade est\u00e1 associado a uma melhor sa\u00fade cardiovascular, a um melhor controlo da press\u00e3o arterial e do peso.<\/p>\n\n\n\n<p>A influ\u00eancia do sono na sa\u00fade mental \u00e9, igualmente, significativa. \u00c9 no descanso que processamos e consolidamos as mem\u00f3rias, aspeto vital para a reten\u00e7\u00e3o de informa\u00e7\u00e3o.<\/p>\n\n\n\n<h2 class=\"wp-block-heading\"><strong>10 conselhos principais para melhorar a qualidade do sono<\/strong><\/h2>\n\n\n\n<p>Implementar as dicas seguintes pode transformar, n\u00e3o s\u00f3, as suas noites, mas, tamb\u00e9m, os seus dias!<\/p>\n\n\n\n<ol class=\"wp-block-list\" type=\"1\"><li><strong>Estabele\u00e7a uma rotina consistente<\/strong>, com hor\u00e1rios regulares para se deitar e acordar. Isso vai ajudar ao seu rel\u00f3gio biol\u00f3gico, facilitando o adormecer e o despertar.<\/li><li><strong>Crie um ambiente de sono adequado<\/strong>. O seu quarto deve estar escuro, fresco e tranquilo. Invista em cortinas que bloqueiem a luz e mantenha o espa\u00e7o entre os 18\u00ba-22\u00baC e elimine ru\u00eddos.<\/li><li><strong>Prepare o corpo e a mente para o descanso,<\/strong> optando pela leitura de um livro, um banho morno ou algumas t\u00e9cnicas de relaxamento.<\/li><li><strong>Tenha uma dia a dia que inclua a pr\u00e1tica de exerc\u00edcio f\u00edsico regular. <\/strong>A atividade f\u00edsica contribui para um sono mais profundo e reparador.<\/li><li><strong>Tome aten\u00e7\u00e3o \u00e0 alimenta\u00e7\u00e3o.<\/strong> Refei\u00e7\u00f5es pesadas, cafe\u00edna ou \u00e1lcool antes de dormir podem prejudicar o seu descanso.<\/li><li><strong>Fa\u00e7a uma boa gest\u00e3o do <em>stress<\/em>.<\/strong> Inclua, no seu quotidiano, atividades que o ajudem a eliminar a ansiedade.<\/li><li><strong>Mantenha afastado de ecr\u00e3s antes de domir.<\/strong> A exposi\u00e7\u00e3o da luz azul emitida pelos dispositivos eletr\u00f3nicos interfere com a produ\u00e7\u00e3o de melatonina, a hormona respons\u00e1vel pela gest\u00e3o do sono.<\/li><li><strong>Beba um ch\u00e1 de camomila<\/strong>, que possui propriedades indutoras do sono.<\/li><li><strong>Seja flex\u00edvel e atento \u00e0s suas necessidades de descanso<\/strong>. Tal como afirmamos anteriormente, a idade, o estado de sa\u00fade ou fatores externos podem fazer variar o seu sono.<\/li><li><strong>A tecnologia em prol do sono<\/strong>. Apesar de ser uma boa pr\u00e1tica manter-se afastado de telem\u00f3veis perto da hora que vai para a a cama, pode tirar partido da evolu\u00e7\u00e3o tecnol\u00f3gica para o ajudar a monitorizar os seus padr\u00f5es de sono ou, at\u00e9, para econtrar a aplica\u00e7\u00e3o perfeita para come\u00e7ar a meditar.<\/li><\/ol>\n\n\n\n<blockquote class=\"wp-block-quote is-layout-flow wp-block-quote-is-layout-flow\"><p><\/p><cite>54% dos portugueses usam o telem\u00f3vel na cama, segundo um estudo da Deloitte, o que pode afetar os seus padr\u00f5es de sono.<\/cite><\/blockquote>\n\n\n\n<h2 class=\"wp-block-heading\"><strong>Problemas do sono<\/strong><\/h2>\n\n\n\n<p>Dist\u00farbios do sono, desde os mais leves aos mais graves, afetam uma grande parte da popula\u00e7\u00e3o, em algum momento das suas vidas. Reconhecer os sinais, entender as op\u00e7\u00f5es de tratamento e saber quando procurar ajuda profissional s\u00e3o etapas cruciais para recuperar as noites de sono tranquilo.<\/p>\n\n\n\n<p>Alguns das dificuldades mais comuns s\u00e3o:<\/p>\n\n\n\n<ul class=\"wp-block-list\"><li>As ins\u00f3nias;<\/li><li>A sonol\u00eancia excessiva;<\/li><li>A apneia do sono;<\/li><li>O ressonar;<\/li><li>A sensa\u00e7\u00e3o de cansa\u00e7o;<\/li><li>A falta de concentra\u00e7\u00e3o;<\/li><li>As altera\u00e7\u00f5es repentinas de humor;<\/li><li>Identifica\u00e7\u00e3o de problemas de sono.<\/li><\/ul>\n\n\n\n<p>Ao identificar algum destes sintomas, \u00e9 imperativo que avalie o seu sono e procure e procurar ajustar os h\u00e1bitos que possam estar a contribuir para o problema.<\/p>\n\n\n\n<p>Quando os problemas de sono persistem apesar da altera\u00e7\u00e3o de rotinas, pode ser necess\u00e1rio explorar outras op\u00e7\u00f5es de tratamentos, pelo que procurar ajuda profissional \u00e9 o melhor caminho.<\/p>\n\n\n\n<p><strong>Em suma&#8230;<\/strong><\/p>\n\n\n\n<p>Cada passo, cada mudan\u00e7a, por menor que seja, pode levar a melhorias significativas na qualidade do nosso sono! Adotar estas medidas n\u00e3o se resume, apenas, a seguir conselhos,&nbsp; \u00e9 um convite para redescobrir o prazer de dormir bem e sentir-se revitalizado ao despertar.<\/p>\n\n\n\n<p>As noites podem ser desafios, mas tenha em mente: a perseveran\u00e7a \u00e9 o caminho! Pequenos ajustes na rotina podem desbloquear o potencial para grandes transforma\u00e7\u00f5es.<\/p>\n","protected":false},"excerpt":{"rendered":"<p>Descubra como uma boa noite de sono pode transformar a sua sa\u00fade e o seu bem-estar. Estrat\u00e9gias eficazes para minimizar o impacto negativo na sa\u00fade<\/p>\n","protected":false},"author":2,"featured_media":1377,"comment_status":"closed","ping_status":"closed","sticky":false,"template":"","format":"standard","meta":{"footnotes":""},"categories":[7],"tags":[137],"class_list":["post-2283","post","type-post","status-publish","format-standard","has-post-thumbnail","hentry","category-saude","tag-sono"],"_links":{"self":[{"href":"https:\/\/www.prevoir.pt\/bloguemomentus\/wp-json\/wp\/v2\/posts\/2283","targetHints":{"allow":["GET"]}}],"collection":[{"href":"https:\/\/www.prevoir.pt\/bloguemomentus\/wp-json\/wp\/v2\/posts"}],"about":[{"href":"https:\/\/www.prevoir.pt\/bloguemomentus\/wp-json\/wp\/v2\/types\/post"}],"author":[{"embeddable":true,"href":"https:\/\/www.prevoir.pt\/bloguemomentus\/wp-json\/wp\/v2\/users\/2"}],"replies":[{"embeddable":true,"href":"https:\/\/www.prevoir.pt\/bloguemomentus\/wp-json\/wp\/v2\/comments?post=2283"}],"version-history":[{"count":1,"href":"https:\/\/www.prevoir.pt\/bloguemomentus\/wp-json\/wp\/v2\/posts\/2283\/revisions"}],"predecessor-version":[{"id":2482,"href":"https:\/\/www.prevoir.pt\/bloguemomentus\/wp-json\/wp\/v2\/posts\/2283\/revisions\/2482"}],"wp:featuredmedia":[{"embeddable":true,"href":"https:\/\/www.prevoir.pt\/bloguemomentus\/wp-json\/wp\/v2\/media\/1377"}],"wp:attachment":[{"href":"https:\/\/www.prevoir.pt\/bloguemomentus\/wp-json\/wp\/v2\/media?parent=2283"}],"wp:term":[{"taxonomy":"category","embeddable":true,"href":"https:\/\/www.prevoir.pt\/bloguemomentus\/wp-json\/wp\/v2\/categories?post=2283"},{"taxonomy":"post_tag","embeddable":true,"href":"https:\/\/www.prevoir.pt\/bloguemomentus\/wp-json\/wp\/v2\/tags?post=2283"}],"curies":[{"name":"wp","href":"https:\/\/api.w.org\/{rel}","templated":true}]}}