{"id":2284,"date":"2024-03-26T12:46:39","date_gmt":"2024-03-26T12:46:39","guid":{"rendered":"https:\/\/www.prevoir.pt\/bloguemomentus\/?p=1178"},"modified":"2026-03-31T12:53:55","modified_gmt":"2026-03-31T12:53:55","slug":"uma-primavera-sem-espirros-estrategias-para-combater-as-alergias-sazonais","status":"publish","type":"post","link":"https:\/\/www.prevoir.pt\/bloguemomentus\/uma-primavera-sem-espirros-estrategias-para-combater-as-alergias-sazonais\/","title":{"rendered":"Uma primavera sem espirros: Estrat\u00e9gias para combater as alergias sazonais"},"content":{"rendered":"\n<p class=\"has-medium-font-size\">Estamos numa nova esta\u00e7\u00e3o, a favorita de muitas pessoas. Mas, tamb\u00e9m, uma das mais temidas pelas \u201cv\u00edtimas\u201d das alergias sazonais. Queremos ajudar a que enfrente esta \u00e9poca com confian\u00e7a: descubra como algumas medidas preventivas podem ser eficazes a aliviar os sintomas.<\/p>\n\n\n\n<p>A chegada da primavera \u00e9 sin\u00f3nimo de \u00e1rvores e paisagens repletas de flores, o que torna alguns locais incr\u00edveis. Mas, esta esta\u00e7\u00e3o \u00e9 um desafio significativo para muito. As <strong>alergias <\/strong>sazonais s\u00e3o uma preocupa\u00e7\u00e3o e podem afetar a qualidade de vida de quem lida com elas diariamente. Neste artigo, focamo-nos em algumas estrat\u00e9gias que o podem ajudar a mitigar os efeitos desta condi\u00e7\u00e3o de sa\u00fade.<\/p>\n\n\n\n<p>Antes de mais, \u00e9 importante entendermos <strong>o que s\u00e3o as alergias<\/strong>. Estas s\u00e3o rea\u00e7\u00f5es exageradas do sistema imunit\u00e1rio a subst\u00e2ncias comummente inofensivas \u2013 os denominados al\u00e9rgenos. As manifesta\u00e7\u00f5es podem variar de leves a graves e s\u00e3o as respons\u00e1veis pela liberta\u00e7\u00e3o de histamina e de outras subst\u00e2ncias do sistema imunol\u00f3gico.<\/p>\n\n\n\n<p>Em Portugal, cerca de <strong>1 em cada 3 pessoas sofre de algum tipo de alergia<\/strong>, segundo dados da Sociedade Portuguesa de Alergologia e Imunologia Cl\u00ednica (SPAIC). As alergias mais comuns no nosso pa\u00eds incluem a <strong>rinite<\/strong>, que afeta cerca de 30% da popula\u00e7\u00e3o e a <strong>asma<\/strong>, presente em aproximadamente 7% da popula\u00e7\u00e3o.<\/p>\n\n\n\n<p>As alergias podem manifestar-se durante todo o ano, mas atingem o seu pico na altura da primavera. O aumento dos n\u00edveis de p\u00f3len no ar desencadeia sintomas de sensibiliza\u00e7\u00e3o que afetam o bem-estar f\u00edsico e psicol\u00f3gico de quem passa por isso.<\/p>\n\n\n\n<h2 class=\"wp-block-heading\"><strong>Por que aumentam as alergias na primavera?<\/strong><\/h2>\n\n\n\n<p>&nbsp;Na primavera, v\u00e1rios fatores contribuem para o aumento das alergias, sendo que o principal \u00e9 a maior liberta\u00e7\u00e3o de p\u00f3len pelas \u00e1rvores, ervas e gram\u00edneas. Durante esta esta\u00e7\u00e3o, as plantas come\u00e7am os seus ciclos de reprodu\u00e7\u00e3o, o que envolve a dispers\u00e3o do p\u00f3len \u2013 fundamental para a fertiliza\u00e7\u00e3o de outras plantas da mesma esp\u00e9cie. Este, ao ser transportado pelo vento, acaba por ser inalado por pessoas que possuem uma maior sensibilidade, desencadeando uma rea\u00e7\u00e3o al\u00e9rgica.<\/p>\n\n\n\n<p>Al\u00e9m do <strong>p\u00f3len<\/strong>, o <strong>aumento da humidade e as temperaturas mais amenas<\/strong> favorecem a prolifera\u00e7\u00e3o de mofo e de fungos, potenciadores de alergias. A combina\u00e7\u00e3o destes elementos cria um ambiente prop\u00edcio para a manifesta\u00e7\u00e3o e exacerba\u00e7\u00e3o dos sintomas al\u00e9rgicos, tais como espirros, congest\u00e3o nasal, comich\u00e3o nos olhos e na garganta e, em casos mais graves, dificuldades respirat\u00f3rias.<\/p>\n\n\n\n<p>Os sintomas podem afetar, significativamente, a qualidade de vida e condicionar a possibilidade de se aproveitar momentos ao ar livre, impactando o pr\u00f3prio bem-estar emocional.<\/p>\n\n\n\n<h2 class=\"wp-block-heading\"><strong>Como se realiza o diagn\u00f3stico destas alergias<\/strong><\/h2>\n\n\n\n<p>O diagn\u00f3stico \u00e9 realizado por profissionais de sa\u00fade especializados em Alergologia ou Imunoalergologia e envolve testes cut\u00e2neos ou de sangue para identificar os al\u00e9rgenos espec\u00edficos, de modo a que seja poss\u00edvel a prescri\u00e7\u00e3o de tratamentos personalizados e eficazes.<\/p>\n\n\n\n<h2 class=\"wp-block-heading\"><strong>Estrat\u00e9gias para a preven\u00e7\u00e3o das alergias sazonais<\/strong><\/h2>\n\n\n\n<ol class=\"wp-block-list\" type=\"1\"><li><strong>Esteja atento \u00e0s previs\u00f5es de alta concentra\u00e7\u00e3o de p\u00f3len no ar<\/strong> e limite a exposi\u00e7\u00e3o ao exterior nestes dias.<\/li><li><strong>Mantenha as janelas de casa fechadas, <\/strong>durante os dias de maior ventania ou em momentos onde haja a indica\u00e7\u00e3o de maior concentra\u00e7\u00e3o de p\u00f3len no ar. No entanto, nos restantes dias, \u00e9 importante manter uma boa ventila\u00e7\u00e3o e arejamento.<\/li><li><strong>Opte por filtros HEPA<\/strong> nos sistemas de ventila\u00e7\u00e3o da casa e do autom\u00f3vel, que permitem uma prote\u00e7\u00e3o extra, capturando algumas das part\u00edculas mais nocivas. \u00a0<\/li><li><strong>Use \u00f3culos de sol e chap\u00e9u ao ar livre,<\/strong> de modo a proteger os olhos e a cabe\u00e7a, bem como vestu\u00e1rio que permita que grande parte do corpo n\u00e3o esteja em contacto direto com o al\u00e9rgeno.<\/li><li><strong>No final do dia, ao regressar a casa, <\/strong>troque de roupa e privilegie um banho, para eliminar o p\u00f3len da pele e do cabelo.<\/li><li><strong>Limpe, com frequ\u00eancia, <\/strong>as superf\u00edcies de casa.<\/li><li><strong>Use desumidificadores <\/strong>em \u00e1reas propensas a mofo, de modo a controlar os al\u00e9rgenos associados a fungos.<\/li><li><strong>Fa\u00e7a uma alimenta\u00e7\u00e3o <\/strong>rica em \u00f3mega-3, vitamina C e E e outros antioxidantes. V\u00e3o ajud\u00e1-lo a fortalecer o sistema imunit\u00e1rio.<\/li><li><strong>Evitar passeios em zonas com muita vegeta\u00e7\u00e3o<\/strong>, principalmente na \u00e9poca dos p\u00f3lenes.\u00a0<\/li><li><strong>Consulte um Alergologista. <\/strong>Numa consulta da especialidade, o profissional poder\u00e1 ajud\u00e1-lo a encontrar o tratamento certo para lidar com as alergias durante a primavera.<\/li><\/ol>\n\n\n\n<h2 class=\"wp-block-heading\"><strong>Viver com as alergias: tratamentos e solu\u00e7\u00f5es<\/strong><\/h2>\n\n\n\n<p>Antes de mais, deve, sempre, <strong>consultar um especialista para o aconselhar sobre as melhores estrat\u00e9gias de tratamento<\/strong>. No entanto, o tratamento das alergias sazonais vai variar de acordo com a gravidade e tipo de alergia. Os mais comuns incluem:<\/p>\n\n\n\n<ul class=\"wp-block-list\"><li><strong>Anti-histam\u00ednicos e cortic\u00f3ides nasais<\/strong>, para aliviar os espirros, congest\u00e3o nasal e a irrita\u00e7\u00e3o dos olhos.<\/li><li><strong>Imunoterapia<\/strong>, usada em casos mais graves ou quando os tratamentos de primeira linha n\u00e3o s\u00e3o suficientes.<\/li><li><strong>Evitar a exposi\u00e7\u00e3o completa ao alerg\u00e9no, <\/strong>em siua\u00e7\u00f5es onde seja importante minimizar os sintomas.<\/li><\/ul>\n\n\n\n<p>Com um <strong><u>seguro de sa\u00fade<\/u><\/strong>, pode ter acesso a uma vasta rede de especialistas nesta \u00e1rea, que o ajudar\u00e3o a encontrar a solu\u00e7\u00e3o adequada ao seu estado cl\u00ednico. Na PR\u00c9VOIR, disp\u00f5e de v\u00e1rias op\u00e7\u00f5es de seguro de sa\u00fade que podem ser a resposta adequada para um diagn\u00f3stico de qualidade e com a rapidez que necessita. Uma rede de centenas de profissionais da Futurehealth estar\u00e1 \u00e0 sua espera. Aconselhe-se o mediador mais perto de si!&nbsp;<\/p>\n\n\n\n<h2 class=\"wp-block-heading\"><strong>Mantenha o cuidado para al\u00e9m da primavera&#8230;<\/strong><\/h2>\n\n\n\n<p>Viver com alergias pode ser um desafio para muitos portugueses, mas com as estrat\u00e9gias de preven\u00e7\u00e3o adequadas e o tratamento \u00e0 medida, \u00e9 poss\u00edvel minimizar-se este impacto. Esta \u00e9 a principal ideia a reter! Mantenha o ambiente onde vive limpo, siga uma dieta equilibrada e respeite as indica\u00e7\u00f5es do seu Alergologista e ir\u00e1, facilmente, controlar as rea\u00e7\u00f5es al\u00e9rgicas durante todo o ano.<\/p>\n","protected":false},"excerpt":{"rendered":"<p>Queremos ajudar a que enfrente a \u00e9poca das alergias sazonais com confian\u00e7a: descubra como algumas medidas preventivas podem ser eficazes&#8230;<\/p>\n","protected":false},"author":2,"featured_media":1380,"comment_status":"closed","ping_status":"closed","sticky":false,"template":"","format":"standard","meta":{"footnotes":""},"categories":[7],"tags":[24],"class_list":["post-2284","post","type-post","status-publish","format-standard","has-post-thumbnail","hentry","category-saude","tag-saude"],"_links":{"self":[{"href":"https:\/\/www.prevoir.pt\/bloguemomentus\/wp-json\/wp\/v2\/posts\/2284","targetHints":{"allow":["GET"]}}],"collection":[{"href":"https:\/\/www.prevoir.pt\/bloguemomentus\/wp-json\/wp\/v2\/posts"}],"about":[{"href":"https:\/\/www.prevoir.pt\/bloguemomentus\/wp-json\/wp\/v2\/types\/post"}],"author":[{"embeddable":true,"href":"https:\/\/www.prevoir.pt\/bloguemomentus\/wp-json\/wp\/v2\/users\/2"}],"replies":[{"embeddable":true,"href":"https:\/\/www.prevoir.pt\/bloguemomentus\/wp-json\/wp\/v2\/comments?post=2284"}],"version-history":[{"count":1,"href":"https:\/\/www.prevoir.pt\/bloguemomentus\/wp-json\/wp\/v2\/posts\/2284\/revisions"}],"predecessor-version":[{"id":2479,"href":"https:\/\/www.prevoir.pt\/bloguemomentus\/wp-json\/wp\/v2\/posts\/2284\/revisions\/2479"}],"wp:featuredmedia":[{"embeddable":true,"href":"https:\/\/www.prevoir.pt\/bloguemomentus\/wp-json\/wp\/v2\/media\/1380"}],"wp:attachment":[{"href":"https:\/\/www.prevoir.pt\/bloguemomentus\/wp-json\/wp\/v2\/media?parent=2284"}],"wp:term":[{"taxonomy":"category","embeddable":true,"href":"https:\/\/www.prevoir.pt\/bloguemomentus\/wp-json\/wp\/v2\/categories?post=2284"},{"taxonomy":"post_tag","embeddable":true,"href":"https:\/\/www.prevoir.pt\/bloguemomentus\/wp-json\/wp\/v2\/tags?post=2284"}],"curies":[{"name":"wp","href":"https:\/\/api.w.org\/{rel}","templated":true}]}}