{"id":2289,"date":"2024-06-11T11:36:20","date_gmt":"2024-06-11T11:36:20","guid":{"rendered":"https:\/\/www.prevoir.pt\/bloguemomentus\/?p=1222"},"modified":"2026-03-31T12:52:47","modified_gmt":"2026-03-31T12:52:47","slug":"credito-habitacao-para-jovens-as-oportunidades-e-os-desafios","status":"publish","type":"post","link":"https:\/\/www.prevoir.pt\/bloguemomentus\/credito-habitacao-para-jovens-as-oportunidades-e-os-desafios\/","title":{"rendered":"Cr\u00e9dito habita\u00e7\u00e3o para jovens: as oportunidades e os desafios"},"content":{"rendered":"\n<p class=\"has-medium-font-size\">Ter um mundo de oportunidades pela frente \u00e9 um privil\u00e9gio, mas no que toca \u00e0 habita\u00e7\u00e3o pr\u00f3pria, pode ser uma verdadeira montanha-russa. Os pre\u00e7os ascendentes dos im\u00f3veis, o emprego prec\u00e1rio nas faixas et\u00e1rias mais jovens, e as exig\u00eancias financeiras por parte das institui\u00e7\u00f5es banc\u00e1rias colocam in\u00fameros desafios. Queremos ajud\u00e1-lo a conhecer o contexto, os apoios dispon\u00edveis e a forma de enfrentar as adversidades.<\/p>\n\n\n\n<p>Ser jovem em Portugal e pensar em adquirir um im\u00f3vel para habita\u00e7\u00e3o pr\u00f3pria e permanente acarreta muita incerteza. A atual conjuntura econ\u00f3mica do pa\u00eds, as din\u00e2micas que o mercado imobili\u00e1rio apresenta nos \u00faltimos anos e a fragilidade laboral s\u00e3o alguns dos aspetos essenciais para este tema. De acordo com dados do Instituto Nacional de Estat\u00edstica (INE), o <strong>pre\u00e7o por metro quadrado das casas aumentou 8% no final de 2023<\/strong>, situando-se nos 1.619 euros. Esta constata\u00e7\u00e3o vem colocar uma press\u00e3o acrescida sobre todos aqueles que pretendem adquirir uma habita\u00e7\u00e3o.<\/p>\n\n\n\n<p>A esta tend\u00eancia imobili\u00e1ria somam-se as <strong>incertezas laborais<\/strong>. Apesar dos n\u00edveis crescentes de qualifica\u00e7\u00e3o entre os jovens at\u00e9 aos 25 anos, h\u00e1 uma dificuldade, cada vez maior, em tornarem-se independentes. De acordo com um artigo do Expresso, que cita o presidente do Conselho de Administra\u00e7\u00e3o e da Comiss\u00e3o Executiva da Funda\u00e7\u00e3o Francisco Manuel dos Santos (FFMS), <strong>6 em cada 10 jovens t\u00eam v\u00ednculos de trabalho prec\u00e1rio<\/strong>.<\/p>\n\n\n\n<p>A <strong>inseguran\u00e7a financeira<\/strong> que adv\u00e9m deste panorama geral torna mais dif\u00edcil o cumprimento dos requisitos exigidos pelas institui\u00e7\u00f5es banc\u00e1rias para acesso ao cr\u00e9dito habita\u00e7\u00e3o. A necessidade de capitais pr\u00f3prios significativos e de uma taxa de esfor\u00e7o que ultrapassa os limites definidos pelo Banco de Portugal deixam os mais novos \u00e0 margem deste sonho de ter uma casa pr\u00f3pria!<\/p>\n\n\n\n<h3 class=\"wp-block-heading\"><strong>Medidas que visam apoiar os jovens no acesso ao cr\u00e9dito habita\u00e7\u00e3o<\/strong><\/h3>\n\n\n\n<p>Lado a lado com os desafios, encontram-se as oportunidades. Face \u00e0s dificuldades por todos reconhecidas, t\u00eam vindo a ser apresentadas e implementadas medidas de apoio direcionadas aos jovens. Em maio, o Governo Portugu\u00eas apresentou a iniciativa &#8220;Cr\u00e9dito Habita\u00e7\u00e3o Jovem\u201d, que visa proporcionar condi\u00e7\u00f5es mais favor\u00e1veis \u00e0 aquisi\u00e7\u00e3o da primeira casa.<\/p>\n\n\n\n<p>Entre as <strong>principais novidades<\/strong> destacam-se:<\/p>\n\n\n\n<ul class=\"wp-block-list\"><li>Para <strong>jovens at\u00e9 aos 35 anos<\/strong>, a cria\u00e7\u00e3o de uma <strong>garantia p\u00fablica<\/strong> para que o jovem tenha acesso a 100% do cr\u00e9dito. <strong>15% deste valor<\/strong> \u00e9 garantido pelo Estado, que atua como <strong>fiador<\/strong>. Isto significa que s\u00f3 interv\u00e9m em caso de incumprimento por parte do comprador. Esta garantia p\u00fablica reduz o risco para as institui\u00e7\u00f5es financeiras, tornando-as mais dispostas a conceder cr\u00e9dito a jovens com menos capitais pr\u00f3prios. Ao serem <strong>liquidados os 15% \u00e0 institui\u00e7\u00e3o banc\u00e1ria<\/strong>, o Estado deixa de fazer parte da equa\u00e7\u00e3o. At\u00e9 ao momento, para se concretizar o cr\u00e9dito habita\u00e7\u00e3o, teria que existir pelo menos 10% de capitais pr\u00f3prios.<\/li><\/ul>\n\n\n\n<ul class=\"wp-block-list\"><li>Esta garantia p\u00fablica s\u00f3 estar\u00e1 acess\u00edvel para a <strong>aquisi\u00e7\u00e3o da primeira habita\u00e7\u00e3o pr\u00f3pria e permanente<\/strong>. Os rendimentos anuais destes cidad\u00e3os, entre os 18 e os 35 anos, n\u00e3o podem ultrapassar os 5.800 euros mensais e o cr\u00e9dito total n\u00e3o pode exceder os 450 mil euros.<\/li><\/ul>\n\n\n\n<ul class=\"wp-block-list\"><li>Outra iniciativa, com previs\u00e3o de entrada em vigor a 1 de agosto de 2024, \u00e9 a <strong>diminui\u00e7\u00e3o da carga fiscal sobre a aquisi\u00e7\u00e3o de um im\u00f3vel<\/strong>. A medida passa pela ise<strong>n\u00e7\u00e3o do Imposto Municipal sobre as Transmiss\u00f5es Onerosas de Im\u00f3veis (IMT) <\/strong>at\u00e9 ao quarto escal\u00e3o do IMT e <strong>do Imposto de Selo<\/strong>. A elimina\u00e7\u00e3o destes valores monet\u00e1rios tem impacto nos custos iniciais, que muitas vezes s\u00e3o um obst\u00e1culo significativo.<\/li><\/ul>\n\n\n\n<h3 class=\"wp-block-heading\"><strong>Assegurar o Investimento Imobili\u00e1rio<\/strong><\/h3>\n\n\n\n<p>Paralelamente \u00e0 escolha da melhor proposta de cr\u00e9dito habita\u00e7\u00e3o, h\u00e1 que <strong>assegurar que o investimento est\u00e1 protegido<\/strong> durante toda a vig\u00eancia do contrato, face ao inesperado da vida. Uma doen\u00e7a grave, tal como um cancro, um acidente que provoque invalidez ou a morte prematura s\u00e3o fatores n\u00e3o planeados que possuem um impacto gigante. Para tal, pode contar com o <strong>seguro de vida do cr\u00e9dito habita\u00e7\u00e3o <u><a href=\"https:\/\/www.prevoir.pt\/credito-habitacao-prevoir-vida-domus\" target=\"_blank\" rel=\"noreferrer noopener\">PR\u00c9VOIR Vida Domus<\/a><\/u><\/strong>, que \u00e9 uma oferta de mercado muito competitiva com coberturas abrangentes e diversos n\u00edveis de prote\u00e7\u00e3o.<\/p>\n\n\n\n<h3 class=\"wp-block-heading\"><strong>Arrendamento Jovem<\/strong><\/h3>\n\n\n\n<p>Se a compra de uma habita\u00e7\u00e3o n\u00e3o for o cen\u00e1rio escolhido, o arrendamento apresenta algumas novidades. Entre elas est\u00e1 o alargamento do <strong>Programa Porta 65 Jovem<\/strong>. Esta iniciativa apoia as candidaturas aceites com uma percentagem do valor da renda durante 12 meses. A partir de 1 de setembro de 2024, deixa de existir renda m\u00e1xima como fator de exclus\u00e3o e ser\u00e3o necess\u00e1rios apenas os \u00faltimos 3 meses de recibos de vencimento, em alternativa \u00e0 declara\u00e7\u00e3o de IRS. Para al\u00e9m disso, deixa de ser necess\u00e1rio existir uma habita\u00e7\u00e3o em mente. O processo de candidatura e aceita\u00e7\u00e3o pode ser feito antes da efetiva\u00e7\u00e3o de um contrato de arrendamento.<\/p>\n\n\n\n<p>A compra de uma habita\u00e7\u00e3o pr\u00f3pria \u00e9 o sonho de muitos e encontrar os mecanismos certos para concretizar este projeto \u00e9 ter a certeza que tudo ir\u00e1 correr como planeado! <strong>C\u00e1 estaremos para o apoiar nas suas decis\u00f5es de vida, para um melhor amanh\u00e3, agora&#8230;<\/strong><strong><\/strong><\/p>\n","protected":false},"excerpt":{"rendered":"<p>Ter um mundo de oportunidades pela frente \u00e9 um privil\u00e9gio, mas no que toca \u00e0 habita\u00e7\u00e3o pr\u00f3pria, pode ser uma verdadeira montanha-russa. Queremos ajud\u00e1-lo a conhecer os apoios dispon\u00edveis e a forma de enfrentar as adversidades&#8230;<\/p>\n","protected":false},"author":2,"featured_media":1396,"comment_status":"closed","ping_status":"closed","sticky":false,"template":"","format":"standard","meta":{"footnotes":""},"categories":[5],"tags":[133,134],"class_list":["post-2289","post","type-post","status-publish","format-standard","has-post-thumbnail","hentry","category-poupanca","tag-credito-habitacao","tag-jovens"],"_links":{"self":[{"href":"https:\/\/www.prevoir.pt\/bloguemomentus\/wp-json\/wp\/v2\/posts\/2289","targetHints":{"allow":["GET"]}}],"collection":[{"href":"https:\/\/www.prevoir.pt\/bloguemomentus\/wp-json\/wp\/v2\/posts"}],"about":[{"href":"https:\/\/www.prevoir.pt\/bloguemomentus\/wp-json\/wp\/v2\/types\/post"}],"author":[{"embeddable":true,"href":"https:\/\/www.prevoir.pt\/bloguemomentus\/wp-json\/wp\/v2\/users\/2"}],"replies":[{"embeddable":true,"href":"https:\/\/www.prevoir.pt\/bloguemomentus\/wp-json\/wp\/v2\/comments?post=2289"}],"version-history":[{"count":2,"href":"https:\/\/www.prevoir.pt\/bloguemomentus\/wp-json\/wp\/v2\/posts\/2289\/revisions"}],"predecessor-version":[{"id":2470,"href":"https:\/\/www.prevoir.pt\/bloguemomentus\/wp-json\/wp\/v2\/posts\/2289\/revisions\/2470"}],"wp:featuredmedia":[{"embeddable":true,"href":"https:\/\/www.prevoir.pt\/bloguemomentus\/wp-json\/wp\/v2\/media\/1396"}],"wp:attachment":[{"href":"https:\/\/www.prevoir.pt\/bloguemomentus\/wp-json\/wp\/v2\/media?parent=2289"}],"wp:term":[{"taxonomy":"category","embeddable":true,"href":"https:\/\/www.prevoir.pt\/bloguemomentus\/wp-json\/wp\/v2\/categories?post=2289"},{"taxonomy":"post_tag","embeddable":true,"href":"https:\/\/www.prevoir.pt\/bloguemomentus\/wp-json\/wp\/v2\/tags?post=2289"}],"curies":[{"name":"wp","href":"https:\/\/api.w.org\/{rel}","templated":true}]}}