{"id":2292,"date":"2024-07-12T16:22:31","date_gmt":"2024-07-12T16:22:31","guid":{"rendered":"https:\/\/www.prevoir.pt\/bloguemomentus\/?p=1240"},"modified":"2026-03-31T12:50:59","modified_gmt":"2026-03-31T12:50:59","slug":"beneficios-de-incluir-coberturas-que-promovem-o-bem-estar-no-seu-seguro-de-saude","status":"publish","type":"post","link":"https:\/\/www.prevoir.pt\/bloguemomentus\/beneficios-de-incluir-coberturas-que-promovem-o-bem-estar-no-seu-seguro-de-saude\/","title":{"rendered":"Benef\u00edcios de incluir coberturas que promovem o bem-estar no seu seguro de sa\u00fade"},"content":{"rendered":"\n<p class=\"has-drop-cap has-medium-font-size\">Os seguros de sa\u00fade s\u00e3o cada vez mais requisitados. O per\u00edodo pand\u00e9mico de 2020 alavancou a procura por este tipo de solu\u00e7\u00e3o e potenciou a sua subscri\u00e7\u00e3o. O acesso a uma rede de bem-estar, dispon\u00edvel em algumas op\u00e7\u00f5es do mercado, \u00e9 uma op\u00e7\u00e3o a estar atento.<\/p>\n\n\n\n<p>Os seguros de sa\u00fade crescem a um ritmo elevado, e as previs\u00f5es para 2024 confirmam esta tend\u00eancia. Segundo o presidente da Associa\u00e7\u00e3o Portuguesa de Seguradores (APS), Jos\u00e9 Galamba de Oliveira, estima-se que \u201cno final deste ano, Portugal ter\u00e1 <strong>4 milh\u00f5es de seguros de sa\u00fade<\/strong>\u201d. Esta afirma\u00e7\u00e3o, feita num evento dedicado \u00e0 sa\u00fade privada, demonstra a import\u00e2ncia crescente deste tipo de subscri\u00e7\u00e3o no <strong>panorama atual dos seguros em Portugal<\/strong>. Entre as principais raz\u00f5es est\u00e3o o aumento do n\u00famero de empresas que oferecem este benef\u00edcio aos colaboradores e a celeridade que este tipo de servi\u00e7o permite num contexto de crise do Servi\u00e7o Nacional de Sa\u00fade.<\/p>\n\n\n\n<p>O acesso cada vez mais democratizado \u00e0 informa\u00e7\u00e3o sobre sa\u00fade e bem-estar permite um <strong>aumento da consciencializa\u00e7\u00e3o sobre a import\u00e2ncia de cuidar do corpo e da mente.<\/strong> No entanto, a compreens\u00e3o plena do valor de incluir coberturas de bem-estar no seguro de sa\u00fade \u00e9 um caminho que tem vindo a ser tra\u00e7ado pelas seguradoras que disponibilizam este tipo de oferta.<\/p>\n\n\n\n<h3 class=\"wp-block-heading\"><strong>O que s\u00e3o coberturas de bem-estar?<\/strong><\/h3>\n\n\n\n<p>Quando se fala em seguros de sa\u00fade, a primeira ideia que surge geralmente s\u00e3o as <strong>coberturas convencionais<\/strong>, como consultas de especialidade, tratamentos ou hospitaliza\u00e7\u00e3o. No entanto, a evolu\u00e7\u00e3o dos seguros permite que, atualmente, estes j\u00e1 respondam a outras <strong>necessidades proeminentes<\/strong>. As <strong>coberturas de bem-estar<\/strong> podem ser descritas como benef\u00edcios adicionais inclu\u00eddos em alguns seguros de sa\u00fade, que visam <strong>promover a melhoria da qualidade<\/strong> <strong>de vida<\/strong> em v\u00e1rias especialidades focadas na preven\u00e7\u00e3o e manuten\u00e7\u00e3o da sa\u00fade f\u00edsica e mental. A inclus\u00e3o de coberturas de bem-estar \u00e9 uma adi\u00e7\u00e3o valiosa que transcende o acesso b\u00e1sico a cuidados de sa\u00fade, promovendo um estilo de vida saud\u00e1vel e preventivo.<\/p>\n\n\n\n<h3 class=\"wp-block-heading\"><strong>Vantagens de coberturas de bem-estar no seguro de sa\u00fade<\/strong><\/h3>\n\n\n\n<p>A inclus\u00e3o destas coberturas no seguro de sa\u00fade representa uma mudan\u00e7a significativa na forma como a sa\u00fade \u00e9 encarada. Compreender as vantagens associadas a este tipo de subscri\u00e7\u00e3o permite uma abordagem mais proativa e preventiva da sa\u00fade:<\/p>\n\n\n\n<ol class=\"wp-block-list\" type=\"1\"><li>Ao cuidar de si <strong>antes do surgimento de problemas mais graves<\/strong>, est\u00e1 a melhorar a sua qualidade de vida.<\/li><li>Uma atitude proativa em rela\u00e7\u00e3o \u00e0 sua sa\u00fade em geral permitir\u00e1 uma <strong>redu\u00e7\u00e3o de custos futuros<\/strong> com tratamentos mais complexos e dispendiosos.<\/li><li>Um <strong>maior investimento numa vida equilibrada<\/strong> promover\u00e1 um impacto positivo na sua sa\u00fade mental e emocional.<\/li><li>O <strong>acesso a terapias complementares<\/strong>, tais como acupuntura ou haloterapia, contribui para o bem-estar geral e pode complementar os tratamentos m\u00e9dicos convencionais.<\/li><\/ol>\n\n\n\n<h3 class=\"wp-block-heading\"><strong>Como escolher o melhor seguro de sa\u00fade com coberturas relativas ao bem-estar<\/strong><\/h3>\n\n\n\n<p>Face \u00e0 oferta dispon\u00edvel no mercado, a escolha certa pode ser uma tarefa complexa. No entanto, \u00e9 essencial alinhar as suas expectativas para optar pela solu\u00e7\u00e3o mais equilibrada para o seu caso:<\/p>\n\n\n\n<ul class=\"wp-block-list\"><li>Avalie as suas <strong>necessidades pessoais e da sua fam\u00edlia<\/strong>. Considere fatores essenciais, tais como a idade, o hist\u00f3rico de sa\u00fade, o estilo de vida e os objetivos de bem-estar.<\/li><li>Analise detalhadamente as <strong>coberturas oferecidas pelos planos<\/strong> que est\u00e1 a considerar.<\/li><li>Verifique a <strong>rede de prestadores de sa\u00fade associados<\/strong> do plano que pretende subscrever, para assegurar a qualidade e prest\u00edgio da rede de cuidados m\u00e9dicos e de bem-estar.<\/li><li>Compare os <strong>custos dos diferentes planos<\/strong> em termos de pr\u00e9mios mensais, copagamentos, franquias e limites de cobertura.<\/li><\/ul>\n\n\n\n<h3 class=\"wp-block-heading\"><strong>Algumas perguntas chave a fazer ao seu mediador de seguros<\/strong><\/h3>\n\n\n\n<ul class=\"wp-block-list\"><li>Quais s\u00e3o os servi\u00e7os de bem-estar inclu\u00eddos no plano?<\/li><li>Quais s\u00e3o os limites ou exclus\u00f5es existentes?<\/li><li>Como funcionam as condi\u00e7\u00f5es especiais da rede de bem-estar?<\/li><li>Quais s\u00e3o os custos associados aos servi\u00e7os de bem-estar?<\/li><\/ul>\n\n\n\n<h3 class=\"wp-block-heading\"><strong>Rede de sa\u00fade e de bem-estar PR\u00c9VOIR<\/strong><\/h3>\n\n\n\n<p>Agora que est\u00e1 mais ciente dos benef\u00edcios que um seguro de sa\u00fade com cobertura de bem-estar lhe pode trazer e de como fazer uma escolha informada, avalie toda a potencialidade da <a href=\"https:\/\/www.future-healthcare.pt\/prevoir\/rede-medica\" target=\"_blank\" rel=\"noreferrer noopener\">rede de profissionais Future Healthcare<\/a> a que os seguros de sa\u00fade PR\u00c9VOIR lhe d\u00e3o acesso. As condi\u00e7\u00f5es especiais abrangem servi\u00e7os de diversas especialidades: acupuntura, homeopatia, osteopatia, est\u00e9tica, gin\u00e1sios, nutri\u00e7\u00e3o, terapia da fala e \u00f3tica, entre outras 37 modalidades de bem-estar.<\/p>\n\n\n\n<p>As necessidades particulares em diferentes momentos da vida \u2013 como o <strong>avan\u00e7ar da idade <\/strong>ou uma <strong>situa\u00e7\u00e3o de doen\u00e7a oncol\u00f3gica<\/strong> \u2013 s\u00e3o contempladas com a disponibiliza\u00e7\u00e3o de descontos em servi\u00e7os de apoio domicili\u00e1rio, assist\u00eancia s\u00e9nior ou coloca\u00e7\u00e3o de pr\u00f3teses capilares naturais. \u00ad\u00ad<\/p>\n\n\n\n<p>Fa\u00e7a uma simula\u00e7\u00e3o personalizada com um dos <a href=\"https:\/\/www.prevoir.pt\/pesquisa-de-mediadores-prevoir\" target=\"_blank\" rel=\"noreferrer noopener\">nossos mediadores<\/a> e comece a cuidar de si o quanto antes!<\/p>\n","protected":false},"excerpt":{"rendered":"<p>Os seguros de sa\u00fade s\u00e3o cada vez mais requisitados. O acesso a uma rede de bem-estar, dispon\u00edvel em algumas op\u00e7\u00f5es do mercado, \u00e9 uma op\u00e7\u00e3o a estar atento.<\/p>\n","protected":false},"author":2,"featured_media":1403,"comment_status":"closed","ping_status":"closed","sticky":false,"template":"","format":"standard","meta":{"footnotes":""},"categories":[7],"tags":[25],"class_list":["post-2292","post","type-post","status-publish","format-standard","has-post-thumbnail","hentry","category-saude","tag-seguro-de-saude"],"_links":{"self":[{"href":"https:\/\/www.prevoir.pt\/bloguemomentus\/wp-json\/wp\/v2\/posts\/2292","targetHints":{"allow":["GET"]}}],"collection":[{"href":"https:\/\/www.prevoir.pt\/bloguemomentus\/wp-json\/wp\/v2\/posts"}],"about":[{"href":"https:\/\/www.prevoir.pt\/bloguemomentus\/wp-json\/wp\/v2\/types\/post"}],"author":[{"embeddable":true,"href":"https:\/\/www.prevoir.pt\/bloguemomentus\/wp-json\/wp\/v2\/users\/2"}],"replies":[{"embeddable":true,"href":"https:\/\/www.prevoir.pt\/bloguemomentus\/wp-json\/wp\/v2\/comments?post=2292"}],"version-history":[{"count":1,"href":"https:\/\/www.prevoir.pt\/bloguemomentus\/wp-json\/wp\/v2\/posts\/2292\/revisions"}],"predecessor-version":[{"id":2467,"href":"https:\/\/www.prevoir.pt\/bloguemomentus\/wp-json\/wp\/v2\/posts\/2292\/revisions\/2467"}],"wp:featuredmedia":[{"embeddable":true,"href":"https:\/\/www.prevoir.pt\/bloguemomentus\/wp-json\/wp\/v2\/media\/1403"}],"wp:attachment":[{"href":"https:\/\/www.prevoir.pt\/bloguemomentus\/wp-json\/wp\/v2\/media?parent=2292"}],"wp:term":[{"taxonomy":"category","embeddable":true,"href":"https:\/\/www.prevoir.pt\/bloguemomentus\/wp-json\/wp\/v2\/categories?post=2292"},{"taxonomy":"post_tag","embeddable":true,"href":"https:\/\/www.prevoir.pt\/bloguemomentus\/wp-json\/wp\/v2\/tags?post=2292"}],"curies":[{"name":"wp","href":"https:\/\/api.w.org\/{rel}","templated":true}]}}