{"id":2299,"date":"2024-08-29T15:47:50","date_gmt":"2024-08-29T15:47:50","guid":{"rendered":"https:\/\/www.prevoir.pt\/bloguemomentus\/?p=1298"},"modified":"2026-03-31T12:50:11","modified_gmt":"2026-03-31T12:50:11","slug":"os-essenciais-ate-ao-inicio-do-ano-letivo","status":"publish","type":"post","link":"https:\/\/www.prevoir.pt\/bloguemomentus\/os-essenciais-ate-ao-inicio-do-ano-letivo\/","title":{"rendered":"Os essenciais at\u00e9 ao in\u00edcio do ano letivo"},"content":{"rendered":"\n<p class=\"has-medium-font-size\">Muito h\u00e1 para preparar, a cerca de duas semanas de milhares de alunos regressarem \u00e0 sua rotina di\u00e1ria de aprendizagem. Para o ajudar a organizar todos os aspetos essenciais, em cada fase escolar, este artigo ser\u00e1 de leitura essencial.\u00a0\u00a0<\/p>\n\n\n\n<p>Setembro \u00e9 marcado pelo regresso de milhares de alunos \u00e0s escolas. Para estes e para as suas fam\u00edlias, o impacto deste momento, em termos monet\u00e1rios, psicol\u00f3gicos e emocionais, \u00e9 significativo. Este ano, o calend\u00e1rio escolar indica as datas de <strong>12 a 16 de setembro<\/strong>, como o per\u00edodo de inicio oficial do <strong>novo ano letivo<\/strong>.<\/p>\n\n\n\n<p>At\u00e9 l\u00e1, tem algumas semanas para se <strong>organizar e adaptar as rotinas familiares \u00e0s novas din\u00e2micas.<\/strong> Neste artigo, dividimos algumas das <strong>dicas essenciais por fase de vida e n\u00edvel de ensino<\/strong>, para que seja mais simples a consulta da informa\u00e7\u00e3o. Desde a adapta\u00e7\u00e3o emocional \u00e0 creche ou jardim de inf\u00e2ncia, passando pelo desenvolvimento de metodologias no 1\u00ba ciclo, \u00e0 gest\u00e3o de tempo no ensino secund\u00e1rio e \u00e0 autonomia na ida para a universidade, cada etapa requer uma abordagem cuidadosa e personalizada. O envolvimento dos pais \u00e9 fundamental em todas as fases, oferecendo apoio, orienta\u00e7\u00e3o e confian\u00e7a.<\/p>\n\n\n\n<p>Com estas dicas, esperamos contribuir para um ano letivo 2024\/2025 repleto de sucesso!<\/p>\n\n\n\n<h2 class=\"wp-block-heading\"><strong>Aspetos essenciais para quem inicia a frequ\u00eancia da creche ou do jardim de inf\u00e2ncia<\/strong><\/h2>\n\n\n\n<p>Quem est\u00e1 a viver ou j\u00e1 viveu este momento, sabe o qu\u00e3o desafiante \u00e9 a adapta\u00e7\u00e3o a um novo ambiente, nesta fase de vida. Quer seja logo ap\u00f3s a licen\u00e7a parental, ou mais tarde, a altera\u00e7\u00e3o de rotina para uma crian\u00e7a desta faixa et\u00e1ria \u00e9 algo muito intenso e depender\u00e1 do desenvolvimento emocional de cada crian\u00e7a.<\/p>\n\n\n\n<p><strong>1. Prepara\u00e7\u00e3o emocional e adapta\u00e7\u00e3o<\/strong><\/p>\n\n\n\n<p>O distanciamento tempor\u00e1rio dos pais ou de outros familiares \u00e9 exigente para a crian\u00e7a. Se poss\u00edvel, inicie esta nova fase de vida com uma <strong>adapta\u00e7\u00e3o gradual<\/strong>, levando a crian\u00e7a a conhecer o espa\u00e7o e o(a) educador(a) antes do in\u00edcio oficial do ano letivo.<\/p>\n\n\n\n<p>O tema da creche ou jardim de inf\u00e2ncia deve ser abordado <strong>com otimismo e de forma entusiasmante<\/strong>. Experimente falar sobre as novas amizades e as atividades que poder\u00e1 vir a realizar. O tom que os pais usarem para falar sobre este assunto ir\u00e1 influenciar a perce\u00e7\u00e3o da crian\u00e7a.<\/p>\n\n\n\n<p><strong>2. Material necess\u00e1rio<\/strong><\/p>\n\n\n\n<p>Dependendo da idade da crian\u00e7a, poder\u00e1 j\u00e1 ser necess\u00e1rio algum material de apoio. O ideal \u00e9 informar-se junto da escola sobre os aspetos essenciais a considerar para esta rubrica.<\/p>\n\n\n\n<p>Adicionalmente, prepare:&nbsp;<\/p>\n\n\n\n<ul class=\"wp-block-list\"><li><strong>Mochila<\/strong> leve e f\u00e1cil de transportar;<\/li><li><strong>Roupa e cal\u00e7ado confort\u00e1vel<\/strong> que permitam liberdade de movimentos. Durante os primeiros anos, \u00e9 importante que a creche ou o jardim de inf\u00e2ncia tenha sempre uma muda de roupa dispon\u00edvel, para eventualidades.<\/li><li><strong>Itens de conforto,<\/strong> tais como um peluche, uma manta ou um brinquedo que permita ajudar na transi\u00e7\u00e3o e que possa acalmar a crian\u00e7a, durante os primeiros dias.<\/li><\/ul>\n\n\n\n<p><\/p>\n\n\n\n<p><strong>3. Prepara\u00e7\u00e3o de rotinas di\u00e1rias<\/strong><\/p>\n\n\n\n<p>At\u00e9 ao in\u00edcio do ano letivo, prepare as agendas familiares de modo a que que previsto quem ir\u00e1 buscar a crian\u00e7a \u00e0 escola, quais os melhores caminhos at\u00e9 \u00e0 escola e de que forma ser\u00e3o geridas as situa\u00e7\u00f5es de emerg\u00eancias de sa\u00fade. Quanto mais acautelar agora, mais tranquilo ser\u00e1 o seu dia a dia. \u00a0<\/p>\n\n\n\n<p><strong>4. Envolvimento parental<\/strong><\/p>\n\n\n\n<p>Mantenha uma comunica\u00e7\u00e3o constante e aberta com todos os profissionais da escola, adequando, sempre que necess\u00e1rio, comportamentos.<\/p>\n\n\n\n<h2 class=\"wp-block-heading\"><strong>Os essenciais para o 1\u00ba ciclo<\/strong><\/h2>\n\n\n\n<p><strong>1. Est\u00edmulo \u00e0 transi\u00e7\u00e3o e autonomia<\/strong><\/p>\n\n\n\n<p>Nesta fase, as crian\u00e7as j\u00e1 deram um grande passo em termos de autonomia e responsabilidade. A defini\u00e7\u00e3o de rotinas \u00e9 essencial para um crescimento com sucesso.<\/p>\n\n\n\n<p>Por isso, desde o in\u00edcio do ano letivo, \u00e9 essencial ajudar o seu filho a estabelecer uma boa organiza\u00e7\u00e3o do seu tempo. Uma <strong>agenda visual<\/strong> poder\u00e1 ser uma boa dica para que, desde cedo, sejam inclu\u00eddos momentos de estudo, brincadeira e descanso.<\/p>\n\n\n\n<p><strong>2. Material escolar necess\u00e1rio<\/strong><\/p>\n\n\n\n<p>Com a entrada no 1\u00ba ciclo, as necessidades em termos de materiais escolares come\u00e7am a ser maiores. No entanto, para n\u00e3o pesar o seu or\u00e7amento familiar com compras desnecess\u00e1rias, valide sempre, junto da escola, os itens essenciais.<\/p>\n\n\n\n<p>Na grande maioria dos casos, estar\u00e3o inclu\u00eddos:<\/p>\n\n\n\n<ul class=\"wp-block-list\"><li><strong>Estojo completo<\/strong>, com l\u00e1pis, canetas, borrachas e outros materiais de apoio \u00e0s atividades de express\u00e3o pl\u00e1stica;<\/li><li><strong>Cadernos e livros, <\/strong>segundo as indica\u00e7\u00f5es do estabelecimento escolar e o ano que a crian\u00e7a frequentar\u00e1;<\/li><li><strong>Roupa e cal\u00e7ado confort\u00e1vel,<\/strong> caso a escola n\u00e3o opte por uniforme. Nesta idade, \u00e9 essencial que estes materiais sejam dur\u00e1veis e muito confort\u00e1veis.<\/li><\/ul>\n\n\n\n<p><strong>3. Algumas rotinas importantes<\/strong><\/p>\n\n\n\n<p>Garantir que o seu filho <strong>descansa o n\u00famero de horas suficiente<\/strong>. Na medida do poss\u00edvel, adeque os hor\u00e1rios familiares para permitir que a <strong>rotina de sono<\/strong> seja est\u00e1vel e de acordo com a idade.<\/p>\n\n\n\n<p><strong>4. Envolvimento parental<\/strong><\/p>\n\n\n\n<p>Na entrada para o 1\u00ba ciclo, espera-se dos pais a possibilidade de inclu\u00edrem, no seu dia a dia, algum tempo para acompanhamento dos trabalhos de casa e uma comunica\u00e7\u00e3o regular com os professores. A demonstra\u00e7\u00e3o de interesse nas aprendizagens ser\u00e1 fonte de motiva\u00e7\u00e3o!<\/p>\n\n\n\n<h2 class=\"wp-block-heading\"><strong>Pontos essenciais no ensino b\u00e1sico e secund\u00e1rio<\/strong><\/h2>\n\n\n\n<p><strong>1. Gest\u00e3o do tempo e das responsabilidades<\/strong><\/p>\n\n\n\n<p>A transi\u00e7\u00e3o para o ensino b\u00e1sico ou para o ensino secund\u00e1rio s\u00e3o per\u00edodos de grandes mudan\u00e7as para os alunos, tanto em termos de exig\u00eancias acad\u00e9micas, como de responsabilidades pessoais. Nestas fases s\u00e3o introduzidos novos desafios de autonomia e de maior planeamento.&nbsp;<\/p>\n\n\n\n<ul class=\"wp-block-list\"><li><strong>Planeamento semanal<\/strong>: Incentive o uso de um plano semanal que inclua o tempo necess\u00e1rio para estudar, realizar trabalhos de casa e participar em atividades extracurriculares. A cria\u00e7\u00e3o de uma agenda ajuda a priorizar tarefas e a gerir melhor o tempo.<\/li><li><strong>Defini\u00e7\u00e3o de prioridades<\/strong>: Ensine os seus filhos a definirem prioridades entre as suas responsabilidades escolares e as pessoais. A capacidade de distinguirem entre o que \u00e9 urgente e o que \u00e9 importante \u00e9 uma habilidade essencial para o futuro.<\/li><li><strong>Autonomia progressiva<\/strong>: Gradualmente, cada aluno deve assumir a responsabilidade pela sua pr\u00f3pria aprendizagem. Incentive os seus filhos a organizarem os seus materiais, a cumprirem prazos e a estudarem de forma independente, mas sem deixar de oferecer apoio, sempre que necess\u00e1rio.<\/li><\/ul>\n\n\n\n<p><strong>2. Material escolar necess\u00e1rio<\/strong><\/p>\n\n\n\n<p>Com o aumento da complexidade em termos de aprendizagem, crescem as necessidades em termos de materiais e, at\u00e9, de tecnologia.&nbsp;<\/p>\n\n\n\n<p>Alguns dos materiais essenciais incluem:<\/p>\n\n\n\n<ul class=\"wp-block-list\"><li><strong>Mochila completa, com cadernos, livros, estojo com l\u00e1pis, canetas e outros acess\u00f3rios b\u00e1sicos. Existir\u00e3o, ainda, materiais mais espec\u00edficos pedidos para cada uma das disciplinas.<\/strong><\/li><li>Dependendo das exig\u00eancias da escola, um <strong>computador ou tablet<\/strong> pode vir a ser solicitado. Certifique-se que todos os acessos \u00e0s plataformas s\u00e3o acautelados, bem como todas as ferramentas necess\u00e1rias, tais como softwares de edi\u00e7\u00e3o de texto ou programas espec\u00edficos para algumas disciplinas.<\/li><\/ul>\n\n\n\n<p><strong>3. Promo\u00e7\u00e3o de rotinas de estudo e prepara\u00e7\u00e3o para exames<\/strong><\/p>\n\n\n\n<p>\u00c0 medida que os conte\u00fados program\u00e1ticos de cada \u00e1rea se tornam mais dif\u00edceis, \u00e9 importante refor\u00e7ar a <strong>import\u00e2ncia que o estudo regular tem<\/strong>. Consolidar o conhecimento \u00e9 uma dica de relev\u00e2ncia, para que os testes e exames de final do ano corram pelo melhor.<\/p>\n\n\n\n<p>Neste ciclo de aprendizagem t\u00e3o exigente refor\u00e7armos, uma vez mais, a <strong>import\u00e2ncia do descanso<\/strong> \u2013 adaptado a cada idade &#8211;\u00a0 e de uma <strong>alimenta\u00e7\u00e3o saud\u00e1vel e variada<\/strong>, para um bom desempenho escolar.<\/p>\n\n\n\n<p><strong>4. Envolvimento parental<\/strong><\/p>\n\n\n\n<p>Embora sinta que os seus filhos j\u00e1 est\u00e3o muito independentes, o apoio dos progenitores continua a ser essencial para os orientar e motivar.<\/p>\n\n\n\n<h2 class=\"wp-block-heading\"><strong>Dicas essenciais para a universidade<\/strong><\/h2>\n\n\n\n<p><strong>1. Prepara\u00e7\u00e3o rumo \u00e0 independ\u00eancia<\/strong><\/p>\n\n\n\n<p>Para muitos, a entrada na universidade marca o in\u00edcio de uma fase de maior autonomia, em termos acad\u00e9micos e pessoais, podendo implicar a transi\u00e7\u00e3o para uma nova cidade.<\/p>\n\n\n\n<p>Aqui, a <strong>gest\u00e3o do tempo \u00e9 essencial<\/strong>. Se tem filhos nesta fase poder\u00e1 ajud\u00e1-los com a organiza\u00e7\u00e3o da sua agenda mensal. &nbsp;Outra compet\u00eancia vital a desenvolver, se n\u00e3o a estiver estimulado at\u00e9 aqui, \u00e9 a <strong>gest\u00e3o financeira<\/strong>.&nbsp; Auxilie-os a criarem um or\u00e7amento mensal realista e a definirem prioridades.<\/p>\n\n\n\n<p><strong>2. Materiais necess\u00e1rios<\/strong><\/p>\n\n\n\n<p>Os requisitos materiais para a universidade s\u00e3o muito diversos e dependem do tipo de \u00e1rea de estudo. No entanto, ser\u00e1 importante acautelar:<\/p>\n\n\n\n<ul class=\"wp-block-list\"><li>O <strong>investimento num computador port\u00e1til<\/strong>, adequado \u00e0s necessidades do curso a frequentar; &nbsp;<\/li><li>A <strong>listagem espec\u00edfica de materiais necess\u00e1rios<\/strong> para o curso, contactando diretamente a universidade. No caso de literatura t\u00e9cnica, uma boa op\u00e7\u00e3o para poupar algum or\u00e7amento, \u00e9 verificar a possibilidade de encontrar alguns livros em segunda m\u00e3o;&nbsp;&nbsp;<\/li><li><strong>Planeamento de um espa\u00e7o de estudo<\/strong>, em casa ou no alojamento\/quarto escolhido no \u00e2mbito da frequ\u00eancia da universidade.<\/li><\/ul>\n\n\n\n<p><strong>3. Rotinas importantes<\/strong><\/p>\n\n\n\n<p>Na universidade, a manuten\u00e7\u00e3o de alguns h\u00e1bitos \u00e9 fundamental para <strong>equilibrar a carga acad\u00e9mica<\/strong>, as <strong>novas responsabilidades<\/strong> e a <strong>manuten\u00e7\u00e3o de uma vida social saud\u00e1vel<\/strong>. A pr\u00e1tica regular de exerc\u00edcio f\u00edsico, uma alimenta\u00e7\u00e3o equilibrada e o cuidado com o descanso s\u00e3o essenciais para o sucesso acad\u00e9mico.<\/p>\n\n\n\n<p>Para al\u00e9m disso, incentive os seus filhos a manterem rela\u00e7\u00f5es familiares pr\u00f3ximas.<\/p>\n\n\n\n<p><strong>4. Envolvimento parental<\/strong><\/p>\n\n\n\n<p>Este \u00e9 o momento onde sentir\u00e1 que o seu papel \u00e9 mais discreto! Mas, continua a ser essencial a sua presen\u00e7a e apoio, durante todo o percurso acad\u00e9mico.<\/p>\n\n\n\n<h2 class=\"wp-block-heading\"><strong>Equil\u00edbrio entre o estudo e o lazer<\/strong><\/h2>\n\n\n\n<p>Em qualquer fase escolar, \u00e9 fundamental que comece, desde o in\u00edcio do ano letivo, a dar ferramentas para que os seus filhos mantenham um <strong>equil\u00edbrio saud\u00e1vel entre o estudo e o lazer. O tempo livre \u00e9 importante para o desenvolvimento social, emocional e cognitivo.<\/strong><\/p>\n\n\n\n<p>As <strong>atividades extracurriculares<\/strong> s\u00e3o uma boa forma de estimular a participa\u00e7\u00e3o no desporto, na m\u00fasica ou em atividades art\u00edsticas. Isto desenvolver\u00e1, tamb\u00e9m, compet\u00eancias noutras \u00e1reas, t\u00e3o essenciais para o futuro!<\/p>\n\n\n\n<h2 class=\"wp-block-heading\"><strong>A prepara\u00e7\u00e3o do futuro<\/strong><\/h2>\n\n\n\n<p>Para os pais, o in\u00edcio de um novo ano letivo \u00e9 uma fase de reflex\u00e3o e quando os <strong>receios de n\u00e3o<\/strong> <strong>apoiar sempre os seus filhos se intensificam<\/strong>. Quando falamos do inesperado, as inquieta\u00e7\u00f5es aumentam. Mas, n\u00e3o tem que ser assim! Existem formas de conseguir ajudar os seus filhos a construirem um futuro promissor, at\u00e9 ao momento em que podem ser aut\u00f3nomos e tra\u00e7ar o seu pr\u00f3prio caminho, independentemente das vicissitudes da vida. Por isso, pondere analisar o <strong><u><a href=\"https:\/\/www.prevoir.pt\/familia-prevoir-renda-junior\" target=\"_blank\" rel=\"noreferrer noopener\">PR\u00c9VOIR Renda J\u00fanior<\/a><\/u><\/strong>, um seguro de vida que, em caso de morte ou invalidez do segurado, permite aos descendentes o acesso a uma <strong>renda mensal de educa\u00e7\u00e3o<\/strong> at\u00e9 500\u20ac (durante 5, 8 ou 10 anos) e um capital de 3.000\u20ac, para os auxiliarem no dia a dia.<\/p>\n\n\n\n<p>E n\u00e3o \u00e9 s\u00f3 no futuro que este seguro o pode beneficiar! No presente, d\u00e1-lhe, tamb\u00e9m, acesso a prestar a devida <strong>assist\u00eancia a um filho que tenha sido v\u00edtima de acidente<\/strong>, com um subs\u00eddio di\u00e1rio de 50\u20ac ou 100\u20ac, durante o per\u00edodo em que n\u00e3o possa exercer a sua atividade profissional (at\u00e9 30 dias por anuidade e por benefici\u00e1rio).<\/p>\n\n\n\n<p>Esteja confiante e passe essa serenidade aos seus filhos! Ver\u00e1 que, seja qual for a faixa et\u00e1ria, esta postura ser\u00e1 o que de mais essencial eles precisar\u00e3o para que tudo corra pelo melhor.<\/p>\n","protected":false},"excerpt":{"rendered":"<p>Prepare-se para o novo ano letivo com dicas para cada fase escolar, desde a creche at\u00e9 \u00e0 universidade. Tenha um ano letivo 24\/25 de sucesso.<\/p>\n","protected":false},"author":2,"featured_media":1435,"comment_status":"closed","ping_status":"closed","sticky":false,"template":"","format":"standard","meta":{"footnotes":""},"categories":[1],"tags":[32],"class_list":["post-2299","post","type-post","status-publish","format-standard","has-post-thumbnail","hentry","category-familia","tag-seguros-de-vida-familiar"],"_links":{"self":[{"href":"https:\/\/www.prevoir.pt\/bloguemomentus\/wp-json\/wp\/v2\/posts\/2299","targetHints":{"allow":["GET"]}}],"collection":[{"href":"https:\/\/www.prevoir.pt\/bloguemomentus\/wp-json\/wp\/v2\/posts"}],"about":[{"href":"https:\/\/www.prevoir.pt\/bloguemomentus\/wp-json\/wp\/v2\/types\/post"}],"author":[{"embeddable":true,"href":"https:\/\/www.prevoir.pt\/bloguemomentus\/wp-json\/wp\/v2\/users\/2"}],"replies":[{"embeddable":true,"href":"https:\/\/www.prevoir.pt\/bloguemomentus\/wp-json\/wp\/v2\/comments?post=2299"}],"version-history":[{"count":1,"href":"https:\/\/www.prevoir.pt\/bloguemomentus\/wp-json\/wp\/v2\/posts\/2299\/revisions"}],"predecessor-version":[{"id":2459,"href":"https:\/\/www.prevoir.pt\/bloguemomentus\/wp-json\/wp\/v2\/posts\/2299\/revisions\/2459"}],"wp:featuredmedia":[{"embeddable":true,"href":"https:\/\/www.prevoir.pt\/bloguemomentus\/wp-json\/wp\/v2\/media\/1435"}],"wp:attachment":[{"href":"https:\/\/www.prevoir.pt\/bloguemomentus\/wp-json\/wp\/v2\/media?parent=2299"}],"wp:term":[{"taxonomy":"category","embeddable":true,"href":"https:\/\/www.prevoir.pt\/bloguemomentus\/wp-json\/wp\/v2\/categories?post=2299"},{"taxonomy":"post_tag","embeddable":true,"href":"https:\/\/www.prevoir.pt\/bloguemomentus\/wp-json\/wp\/v2\/tags?post=2299"}],"curies":[{"name":"wp","href":"https:\/\/api.w.org\/{rel}","templated":true}]}}