{"id":2303,"date":"2025-06-20T14:46:37","date_gmt":"2025-06-20T14:46:37","guid":{"rendered":"https:\/\/www.prevoir.pt\/bloguemomentus\/?p=1392"},"modified":"2025-06-20T14:46:37","modified_gmt":"2025-06-20T14:46:37","slug":"ferias-seguro-acidentes-pessoais","status":"publish","type":"post","link":"https:\/\/www.prevoir.pt\/bloguemomentus\/ferias-seguro-acidentes-pessoais\/","title":{"rendered":"F\u00e9rias em seguran\u00e7a: O papel do seguro de acidentes pessoais"},"content":{"rendered":"\n<p>As f\u00e9rias s\u00e3o sin\u00f3nimo de descanso, lazer e momentos de descontra\u00e7\u00e3o passados em fam\u00edlia. No entanto, \u00e9 precisamente nestas alturas que o <a href=\"https:\/\/www.prevoir.pt\/bloguemomentus\/como-o-seguro-de-acidentes-pessoais-o-pode-ajudar-a-ter-um-verao-tranquilo\/\" target=\"_blank\" rel=\"noreferrer noopener\">risco de acidentes pessoais<\/a> tende a aumentar. Com mais desloca\u00e7\u00f5es, atividades ao ar livre e experi\u00eancias novas, o imprevisto pode surgir a qualquer instante. Neste contexto, contar com um <strong>seguro de acidentes pessoais<\/strong> torna-se essencial para garantir a tranquilidade e a seguran\u00e7a em in\u00fameras situa\u00e7\u00f5es.<\/p>\n\n\n\n<h2 class=\"wp-block-heading\"><strong>Os acidentes mais comuns durante as f\u00e9rias<\/strong><\/h2>\n\n\n\n<p>Durante o per\u00edodo de f\u00e9rias, as fam\u00edlias viajam mais e aproveitam para realizar atividades que podem representar algumas situa\u00e7\u00f5es de risco, que n\u00e3o devem ser negligenciadas. Entre as quais destacamos:<\/p>\n\n\n\n<ul class=\"wp-block-list\">\n<li><strong>Desportos e atividades ao ar livre<\/strong>: Caminhadas em trilhos, canoagem ou passeios de bicicleta s\u00e3o atividades prop\u00edcias a <strong>quedas, entorses e fraturas<\/strong>. A adrenalina associada ao lazer, especialmente em percursos n\u00e3o habituais, pode levar a uma maior exposi\u00e7\u00e3o ao perigo. Nestes casos, \u00e9 sempre sensato contar com um seguro de acidentes pessoais que garanta prote\u00e7\u00e3o adequada.<\/li>\n\n\n\n<li><strong>Praia e piscina<\/strong>: <a href=\"https:\/\/www.prevoir.pt\/bloguemomentus\/seguranca-na-agua-dicas-para-evitar-acidentes-em-piscinas-e-praias\/\" target=\"_blank\" rel=\"noreferrer noopener\">Escorregadelas na piscina<\/a>, mergulhos mal calculados ou mesmo queimaduras devido \u00e0 exposi\u00e7\u00e3o prolongada ao sol s\u00e3o epis\u00f3dios comuns nas f\u00e9rias e que podem exigir <strong>assist\u00eancia m\u00e9dica imediata<\/strong>.<\/li>\n\n\n\n<li><strong>Mobilidade<\/strong>: Desloca\u00e7\u00f5es mais longas aumentam a probabilidade de ocorrerem <a href=\"https:\/\/www.prevoir.pt\/bloguemomentus\/como-garantir-a-seguranca-ao-volante\/\" target=\"_blank\" rel=\"noreferrer noopener\">acidentes rodovi\u00e1rios<\/a>, sobretudo em estradas desconhecidas ou muito movimentadas. Al\u00e9m disso, s\u00e3o cada vez mais comuns os passeios de mota, trotinete ou bicicleta nos destinos tur\u00edsticos, o que pode resultar em quedas e <strong>les\u00f5es<\/strong>.<\/li>\n\n\n\n<li><strong>Festas de ver\u00e3o<\/strong>: Festivais, arraiais e festas populares s\u00e3o ambientes com grande concentra\u00e7\u00e3o de pessoas, terreno irregular e muito movimento, o que aumenta a possibilidade de quedas, entorses, entre outros incidentes.<\/li>\n<\/ul>\n\n\n\n<p>Segundo dados do INEM, referentes a 2024, foram mais de 3230 os <strong>acidentes<\/strong> <strong>com bicicletas, trotinetes e skates<\/strong>. Um aumento de 278% comparativamente com o ano de<a> 2019<\/a>.<\/p>\n\n\n\n<p>J\u00e1 a Autoridade Nacional de Seguran\u00e7a Rodovi\u00e1ria (ANSR) aponta para <a>mais de 43 mil feridos ligeiros em acidentes, s\u00f3 em 2024<\/a>. Em todas estas situa\u00e7\u00f5es, um seguro de acidentes pessoais revela-se uma <strong>garantia de seguran\u00e7a e assist\u00eancia em caso de imprevisto<\/strong>.<\/p>\n\n\n\n<figure class=\"wp-block-image size-large\"><img decoding=\"async\" src=\"https:\/\/www.prevoir.pt\/bloguemomentus\/wp-content\/uploads\/2025\/06\/1_ferias-seguro-acidentes-pessoais-1-1024x550.jpg\" alt=\"\" class=\"wp-image-1394\"\/><\/figure>\n\n\n\n<h2 class=\"wp-block-heading\"><strong>Porque \u00e9 que o seguro de acidentes pessoais pode ser \u00fatil nas f\u00e9rias?<\/strong><\/h2>\n\n\n\n<p>Como vimos, durante uma <strong>escapadinha de fim de semana<\/strong> ou numa <strong>viagem de f\u00e9rias de ver\u00e3o<\/strong>, a exposi\u00e7\u00e3o a <a href=\"https:\/\/www.prevoir.pt\/bloguemomentus\/as-doencas-mais-comuns-no-verao\/\" target=\"_blank\" rel=\"noreferrer noopener\">situa\u00e7\u00f5es de risco<\/a> aumenta consideravelmente. O <strong>seguro de acidentes pessoais<\/strong> \u00e9 uma solu\u00e7\u00e3o que oferece diversos n\u00edveis de apoio e <strong>coberturas<\/strong> para casos de les\u00f5es, <strong>hospitaliza\u00e7\u00e3o<\/strong>, <strong>invalidez tempor\u00e1ria ou permanente<\/strong>, e mesmo em situa\u00e7\u00f5es mais graves, como a <strong>morte<\/strong>.<\/p>\n\n\n\n<p>Vejamos o seguinte exemplo: o segurado sofre uma entorse durante uma caminhada em fam\u00edlia ou parte um bra\u00e7o numa queda de bicicleta durante as f\u00e9rias. Com um seguro de acidentes pessoais, pode contar com um subs\u00eddio por incapacidade tempor\u00e1ria, <strong>comparticipa\u00e7\u00e3o em despesas m\u00e9dicas<\/strong>, servi\u00e7os de <strong>assist\u00eancia para reabilita\u00e7\u00e3o<\/strong> e, se necess\u00e1rio, cobertura de hospitaliza\u00e7\u00e3o. Tudo isto sem complica\u00e7\u00f5es, garantindo tranquilidade e <strong>apoio financeiro<\/strong> durante a fase de recupera\u00e7\u00e3o.<\/p>\n\n\n\n<p>Outro exemplo pr\u00e1tico s\u00e3o os <strong>acidentes rodovi\u00e1rios<\/strong>. Um embate ligeiro, que cause les\u00f5es, poder\u00e1 dar origem a uma <strong>compensa\u00e7\u00e3o por invalidez tempor\u00e1ria ou definitiva<\/strong>, assegurando a estabilidade financeira da fam\u00edlia ao longo da recupera\u00e7\u00e3o.<\/p>\n\n\n\n<h2 class=\"wp-block-heading\"><strong>Quem pode beneficiar com este seguro?<\/strong><\/h2>\n\n\n\n<p>Este seguro \u00e9 especialmente vantajoso para quem tem uma vida ativa, trabalha por conta pr\u00f3pria ou valoriza uma prote\u00e7\u00e3o completa e acess\u00edvel. A saber:<\/p>\n\n\n\n<ul class=\"wp-block-list\">\n<li><strong>Fam\u00edlias com crian\u00e7as pequenas<\/strong>: Quedas, queimaduras ou alergias alimentares em f\u00e9rias;<\/li>\n\n\n\n<li><strong>Pessoas com hobbies ativos<\/strong>: Como caminhadas ou passeios de bicicleta;<\/li>\n\n\n\n<li><strong>Trabalhadores independentes, sem <\/strong>baixa m\u00e9dica convencional, beneficiam de uma compensa\u00e7\u00e3o em caso de acidente;<\/li>\n\n\n\n<li><strong>Viajantes frequentes<\/strong>: Maior exposi\u00e7\u00e3o a imprevistos em mobilidade e lazer.<\/li>\n\n\n\n<li><strong>Condutores de mobilidade suave: <\/strong>Assist\u00eancia em acidentes com trotinetes e bicicletas.<\/li>\n<\/ul>\n\n\n\n<h2 class=\"wp-block-heading\"><strong>Seguro de sa\u00fade ou seguro de acidentes pessoais: Qual a diferen\u00e7a?<\/strong><\/h2>\n\n\n\n<p>Embora tanto o <a href=\"https:\/\/www.prevoir.pt\/bloguemomentus\/seguros-de-saude-como-escolher-o-melhor-seguro-para-si\/\" target=\"_blank\" rel=\"noreferrer noopener\">seguro de sa\u00fade<\/a> como o seguro de acidentes pessoas protejam a sa\u00fade e o bem-estar, h\u00e1 diferen\u00e7as entre eles.<\/p>\n\n\n\n<p>O <strong>seguro de sa\u00fade<\/strong> tem como objetivo garantir o acesso a cuidados m\u00e9dicos de rotina ou em caso de doen\u00e7a, com <strong>comparticipa\u00e7\u00e3o em exames, cirurgias e internamentos<\/strong>.<\/p>\n\n\n\n<p>J\u00e1 o seguro de acidentes pessoais atua especificamente em situa\u00e7\u00f5es inesperadas como acidentes, quedas, entorses, fraturas ou sinistros rodovi\u00e1rios. Este tipo de seguro oferece uma <strong>indemniza\u00e7\u00e3o direta<\/strong> ao segurado ou aos benefici\u00e1rios, bem como coberturas de assist\u00eancia e apoio financeiro, mesmo em casos de incapacidade tempor\u00e1ria ou definitiva.<\/p>\n\n\n\n<h2 class=\"wp-block-heading\"><strong>PR\u00c9VOIR Acidentes Pessoais: Uma solu\u00e7\u00e3o pensada para si<\/strong><\/h2>\n\n\n\n<p>A PR\u00c9VOIR disponibiliza um seguro de acidentes pessoais com quatro m\u00f3dulos (Base, Essencial, Premium e Livre), diferentes n\u00edveis de prote\u00e7\u00e3o dentro e <a href=\"https:\/\/www.prevoir.pt\/bloguemomentus\/como-proceder-em-caso-de-sinistro-no-estrangeiro\/\" target=\"_blank\" rel=\"noreferrer noopener\">fora do pa\u00eds<\/a> e <strong>pr\u00e9mios acess\u00edveis<\/strong>. Com o <strong>PR\u00c9VOIR Acidentes Pessoais<\/strong>, o segurado pode beneficiar de:<\/p>\n\n\n\n<ul class=\"wp-block-list\">\n<li><strong>Prote\u00e7\u00e3o 24h\/dia<\/strong>, todo o ano, em caso de acidente nos tempos livres ou trabalho;<\/li>\n\n\n\n<li><strong>Capital at\u00e9 200.000\u20ac<\/strong> para os benefici\u00e1rios, em caso de morte ou invalidez permanente, mais capital adicional para gastos com o funeral;<\/li>\n\n\n\n<li><strong>Servi\u00e7os completos de assist\u00eancia<\/strong> relevantes com 13 garantias para usufruir at\u00e9 aos 75 anos;<\/li>\n\n\n\n<li><strong>Cobertura de despesas de tratamento e repatriamento<\/strong><strong>;<\/strong><\/li>\n\n\n\n<li><strong>Indemniza\u00e7\u00e3o em caso de baixa m\u00e9dica<\/strong>, paga na totalidade, logo ap\u00f3s valida\u00e7\u00e3o do sinistro;<\/li>\n\n\n\n<li>Extens\u00e3o da prote\u00e7\u00e3o dispon\u00edvel para condu\u00e7\u00e3o de ve\u00edculos motorizados de 2 rodas e cilindrada igual ou superior a 250cc;<\/li>\n\n\n\n<li>Processo de subscri\u00e7\u00e3o simples e digital, <strong>sem formalidades m\u00e9dicas<\/strong>.<\/li>\n<\/ul>\n\n\n\n<h2 class=\"wp-block-heading\"><strong>O que fazer em caso de acidente?<\/strong><\/h2>\n\n\n\n<p>No caso de acidente durante as f\u00e9rias, \u00e9 importante agir com celeridade e seguir os passos indicados pela seguradora. Na <a href=\"https:\/\/www.prevoir.pt\/\" target=\"_blank\" rel=\"noreferrer noopener\">PR\u00c9VOIR<\/a>, comunicar um sinistro \u00e9 simples e r\u00e1pido. O segurado deve faz\u00ea-lo at\u00e9 8 dias ap\u00f3s o ocorrido. Necessita de explicar de forma detalhada o que aconteceu e anexar a documenta\u00e7\u00e3o necess\u00e1ria. Esta participa\u00e7\u00e3o pode ser feita com o apoio do mediador, por correio ou por email.<\/p>\n\n\n\n<p>Se for necess\u00e1rio recorrer aos <strong>servi\u00e7os de assist\u00eancia<\/strong>, o contacto pode ser feito a qualquer hora, atrav\u00e9s do n\u00famero <strong>210 443&nbsp;703 <\/strong>(chamada para a rede fixa nacional)<strong>,<\/strong> dispon\u00edvel 24 horas por dia, todos os dias da semana. O segurado ou benefici\u00e1rio deve ter \u00e0 m\u00e3o os seguintes dados:<\/p>\n\n\n\n<ul class=\"wp-block-list\">\n<li>Nome e endere\u00e7o do segurado;<\/li>\n\n\n\n<li>N\u00famero identifica\u00e7\u00e3o fiscal do segurado;<\/li>\n\n\n\n<li>Tipo de assist\u00eancia solicitada;<\/li>\n\n\n\n<li>N\u00famero de telefone para ser contactado.<\/li>\n<\/ul>\n\n\n\n<h2 class=\"wp-block-heading\"><strong>O que n\u00e3o est\u00e1 coberto pelo seguro de acidentes pessoais?<\/strong><\/h2>\n\n\n\n<p>\u00c9 fundamental analisar cuidadosamente todas as <a href=\"https:\/\/www.prevoir.pt\/bloguemomentus\/como-escolher-as-coberturas-no-seguro-de-acidentes-pessoais-um-guia-passo-a-passo\/\" target=\"_blank\" rel=\"noreferrer noopener\">coberturas<\/a> e <strong>exclus\u00f5es<\/strong> descritas nas <strong>condi\u00e7\u00f5es contratuais<\/strong> antes de subscrever um seguro de acidentes pessoais. Esta leitura atenta permite adequar melhor as expectativas \u00e0 realidade da cobertura contratada e evita surpresas em caso de sinistro.<\/p>\n\n\n\n<p>Como em qualquer seguro, o <strong><a href=\"https:\/\/www.prevoir.pt\/acidentes-pessoais\" target=\"_blank\" rel=\"noreferrer noopener\">PR\u00c9VOIR Acidentes Pessoais<\/a><\/strong> cont\u00e9m exclus\u00f5es. Este seguro n\u00e3o cobre, por exemplo:<\/p>\n\n\n\n<ul class=\"wp-block-list\">\n<li>Acidentes decorrentes da pr\u00e1tica profissional ou amadora de <strong>desportos de risco<\/strong> (ex. escalada em glaciares, motociclismo de alta cilindrada, esqui fora de pista, parapente);<\/li>\n\n\n\n<li>Acidentes relacionados com <strong>atos dolosos<\/strong>, consumo de \u00e1lcool acima dos limites legais ou subst\u00e2ncias proibidas;<\/li>\n\n\n\n<li>Acidentes ocorridos <strong>fora da Uni\u00e3o Europeia<\/strong> e pa\u00edses especificamente abrangidos (ex. EUA, Canad\u00e1, Jap\u00e3o), quando a estadia ultrapassa seis semanas;<\/li>\n\n\n\n<li>Situa\u00e7\u00f5es resultantes de <strong>guerras, cat\u00e1strofes naturais<\/strong> e outros eventos excecionais.<\/li>\n<\/ul>\n\n\n\n<p>Para melhor compreens\u00e3o, a lista completa de exclus\u00f5es pode ser consultada e clarificada junto de um <a href=\"https:\/\/www.prevoir.pt\/pesquisa-de-mediadores-prevoir\" target=\"_blank\" rel=\"noreferrer noopener\">mediador dos seguros PR\u00c9VOIR<\/a>.<\/p>\n\n\n\n<h2 class=\"wp-block-heading\"><strong>Como escolher o seguro mais ajustado?<\/strong><\/h2>\n\n\n\n<p>A escolha das coberturas do seguro de acidentes pessoais deve ser feita com base nas suas atividades habituais e\/ou necessidades familiares. Para perceber qual o melhor seguro para si e para a sua fam\u00edlia \u00e9 importante avaliar a rotina, o tipo de desloca\u00e7\u00f5es, se h\u00e1 a pr\u00e1tica regular de atividades desportivas, entre outros fatores.<\/p>\n\n\n\n<p>O <a href=\"https:\/\/www.prevoir.pt\/bloguemomentus\/as-melhores-opcoes-de-seguros-a-importancia-de-consultar-um-mediador\/\" target=\"_blank\" rel=\"noreferrer noopener\">apoio de um mediador PR\u00c9VOIR<\/a> garante-lhe uma an\u00e1lise mais r\u00e1pida e rigorosa, que ajuda a <strong>personalizar o seguro<\/strong> \u00e0 medida do seu estilo de vida.<\/p>\n\n\n\n<p>A flexibilidade do PR\u00c9VOIR Acidentes Pessoais permite-lhe adaptar a prote\u00e7\u00e3o \u00e0s suas necessidades e disponibilidade financeira, sem comprometer a seguran\u00e7a.<\/p>\n\n\n\n<h2 class=\"wp-block-heading\"><strong>Aproveite as f\u00e9rias com a garantia de prote\u00e7\u00e3o<\/strong><\/h2>\n\n\n\n<p>As f\u00e9rias s\u00e3o momentos preciosos que devem ser vividos com leveza e tranquilidade. Ter um <strong>seguro de acidentes pessoais nas f\u00e9rias<\/strong> n\u00e3o \u00e9 um luxo, \u00e9 uma forma cuidadosa de se proteger a si e \u00e0 sua fam\u00edlia, contra os imprevistos da vida. Com o PR\u00c9VOIR Acidentes Pessoais, est\u00e1 sempre protegido, esteja onde estiver.<\/p>\n\n\n\n<p>Quer saber mais sobre este produto? <a href=\"https:\/\/www.prevoir.pt\/pesquisa-de-mediadores-prevoir\" target=\"_blank\" rel=\"noreferrer noopener\">Visite o nosso site<\/a> e descubra qual o mediador PR\u00c9VOIR mais perto de si.<\/p>\n\n\n\n<p><\/p>\n\n\n\n<p><\/p>\n\n\n\n<div class=\"wp-block-buttons is-content-justification-center is-layout-flex wp-container-core-buttons-is-layout-a89b3969 wp-block-buttons-is-layout-flex\">\n<div class=\"wp-block-button\"><a class=\"wp-block-button__link has-white-color has-text-color has-background has-link-color wp-element-button\" href=\"https:\/\/www.prevoir.pt\/pesquisa-de-mediadores-prevoir\" style=\"border-radius:4px;background-color:#c7114f\">QUERO SABER MAIS<\/a><\/div>\n<\/div>\n","protected":false},"excerpt":{"rendered":"<p>F\u00e9rias tranquilas com a prote\u00e7\u00e3o certa. Conhe\u00e7a o seguro de acidentes pessoais da PR\u00c9VOIR e viaje com confian\u00e7a.<\/p>\n","protected":false},"author":1,"featured_media":1621,"comment_status":"closed","ping_status":"closed","sticky":false,"template":"","format":"standard","meta":{"footnotes":""},"categories":[1],"tags":[21,23],"class_list":["post-2303","post","type-post","status-publish","format-standard","has-post-thumbnail","hentry","category-familia","tag-acidentes-pessoais","tag-familia"],"_links":{"self":[{"href":"https:\/\/www.prevoir.pt\/bloguemomentus\/wp-json\/wp\/v2\/posts\/2303","targetHints":{"allow":["GET"]}}],"collection":[{"href":"https:\/\/www.prevoir.pt\/bloguemomentus\/wp-json\/wp\/v2\/posts"}],"about":[{"href":"https:\/\/www.prevoir.pt\/bloguemomentus\/wp-json\/wp\/v2\/types\/post"}],"author":[{"embeddable":true,"href":"https:\/\/www.prevoir.pt\/bloguemomentus\/wp-json\/wp\/v2\/users\/1"}],"replies":[{"embeddable":true,"href":"https:\/\/www.prevoir.pt\/bloguemomentus\/wp-json\/wp\/v2\/comments?post=2303"}],"version-history":[{"count":0,"href":"https:\/\/www.prevoir.pt\/bloguemomentus\/wp-json\/wp\/v2\/posts\/2303\/revisions"}],"wp:featuredmedia":[{"embeddable":true,"href":"https:\/\/www.prevoir.pt\/bloguemomentus\/wp-json\/wp\/v2\/media\/1621"}],"wp:attachment":[{"href":"https:\/\/www.prevoir.pt\/bloguemomentus\/wp-json\/wp\/v2\/media?parent=2303"}],"wp:term":[{"taxonomy":"category","embeddable":true,"href":"https:\/\/www.prevoir.pt\/bloguemomentus\/wp-json\/wp\/v2\/categories?post=2303"},{"taxonomy":"post_tag","embeddable":true,"href":"https:\/\/www.prevoir.pt\/bloguemomentus\/wp-json\/wp\/v2\/tags?post=2303"}],"curies":[{"name":"wp","href":"https:\/\/api.w.org\/{rel}","templated":true}]}}