{"id":2305,"date":"2025-07-17T15:26:33","date_gmt":"2025-07-17T15:26:33","guid":{"rendered":"https:\/\/www.prevoir.pt\/bloguemomentus\/?p=1438"},"modified":"2025-07-17T15:26:33","modified_gmt":"2025-07-17T15:26:33","slug":"habitos-saudaveis-verao","status":"publish","type":"post","link":"https:\/\/www.prevoir.pt\/bloguemomentus\/habitos-saudaveis-verao\/","title":{"rendered":"4 H\u00e1bitos saud\u00e1veis para viver o ver\u00e3o com mais energia"},"content":{"rendered":"\n<p>O ver\u00e3o convida a sair da rotina, a movimentar o corpo e a desfrutar de um descanso verdadeiramente reparador. Os dias mais longos e o clima ameno criam o ambiente ideal para refor\u00e7ar h\u00e1bitos saud\u00e1veis que fortalecem o corpo e equilibram as emo\u00e7\u00f5es. Experimente aproveitar as manh\u00e3s frescas para um passeio a p\u00e9 ou de bicicleta, estabele\u00e7a rotinas de sono que ajudem a recuperar energia e reserve momentos para acalmar a mente, revitalizar o corpo e refor\u00e7ar o <a href=\"https:\/\/www.prevoir.pt\/bloguemomentus\/reforce-o-sistema-imunitario-com-estas-dicas-essenciais\/\" target=\"_blank\" rel=\"noreferrer noopener\">sistema imunit\u00e1rio<\/a>.<\/p>\n\n\n\n<p>Para que nada interrompa este renovado estilo de vida, o <a href=\"https:\/\/www.prevoir.pt\/familia-prevoir-solucao-total\" target=\"_blank\" rel=\"noreferrer noopener\">PR\u00c9VOIR Solu\u00e7\u00e3o Total<\/a> garante prote\u00e7\u00e3o em cada passo, tanto em Portugal como no <a href=\"https:\/\/www.prevoir.pt\/bloguemomentus\/como-proceder-em-caso-de-sinistro-no-estrangeiro\/\" target=\"_blank\" rel=\"noreferrer noopener\">estrangeiro<\/a>, com coberturas abrangentes e um servi\u00e7o de assist\u00eancia ajustado a diferentes necessidades.<\/p>\n\n\n\n<h2 class=\"wp-block-heading\"><strong>Aproveite o ver\u00e3o para iniciar h\u00e1bitos saud\u00e1veis<\/strong><\/h2>\n\n\n\n<figure class=\"wp-block-image size-large\"><img decoding=\"async\" src=\"https:\/\/www.prevoir.pt\/bloguemomentus\/wp-content\/uploads\/2025\/07\/3_habitos-saudaveis-2-1024x550.jpg\" alt=\"\" class=\"wp-image-1442\"\/><\/figure>\n\n\n\n<h3 class=\"wp-block-heading\"><strong>1. Movimentar o corpo e aproveitar a natureza<\/strong><\/h3>\n\n\n\n<p>A <strong><u>Organiza\u00e7\u00e3o Mundial de Sa\u00fade<\/u> <\/strong>recomenda a pr\u00e1tica entre 150-300 minutos semanais de atividade moderada ou 75-150 minutos de atividade intensa. Caminhadas, corridas ligeiras, ciclismo ou nata\u00e7\u00e3o estimulam a circula\u00e7\u00e3o sangu\u00ednea, fortalecem o <strong>sistema cardiovascular<\/strong> e ajudam a manter o <strong>peso ideal<\/strong>.<\/p>\n\n\n\n<p>Se encara o exerc\u00edcio como uma obriga\u00e7\u00e3o, procure integrar atividades que realmente o entusiasmem e viva um ver\u00e3o repleto de <strong>h\u00e1bitos saud\u00e1veis<\/strong>. Fa\u00e7a um passeio de bicicleta, convide um amigo para uma corrida ao seu ritmo ou aproveite as idas \u00e0 praia e \u00e0 piscina para dar umas bra\u00e7adas na \u00e1gua. A pr\u00e1tica de exerc\u00edcio f\u00edsico ao ar livre tem um efeito reparador que fortalece o cora\u00e7\u00e3o, tonifica os m\u00fasculos e liberta <strong>endorfinas<\/strong>, respons\u00e1veis pela sensa\u00e7\u00e3o de bem\u2011estar.<\/p>\n\n\n\n<p><strong>Dica:<\/strong> Agende entre 30 a 45 minutos di\u00e1rios de atividade f\u00edsica, preferencialmente antes do pico da temperatura ou ao final da tarde, para evitar <strong>exposi\u00e7\u00e3o excessiva ao calor<\/strong>. Esta pr\u00e1tica ajuda a cimentar uma rotina de <strong>h\u00e1bitos saud\u00e1veis<\/strong>.<\/p>\n\n\n\n<p><strong>Sugest\u00e3o de leitura: <\/strong><a href=\"https:\/\/www.prevoir.pt\/bloguemomentus\/como-escolher-um-desporto-apos-os-50-anos\/\" target=\"_blank\" rel=\"noreferrer noopener\">Como escolher um desporto ap\u00f3s os 50 anos?<\/a><\/p>\n\n\n\n<h3 class=\"wp-block-heading\"><strong>2. Estipular um hor\u00e1rio de sono reparador<\/strong><\/h3>\n\n\n\n<p>Um pilar dos <strong>h\u00e1bitos saud\u00e1veis<\/strong> \u00e9 a qualidade do descanso. Uma <strong>boa rotina de sono<\/strong> regula o metabolismo, refor\u00e7a a mem\u00f3ria, aumenta a boa disposi\u00e7\u00e3o e reduz o <strong>risco de acidentes causados por fadiga<\/strong>. Os estudos indicam que adultos precisam entre 7 a 9 horas de descanso por noite. Para garantir um sono verdadeiramente reparador, crie um ambiente acolhedor no quarto. Feche as persianas ou corra os cortinados, mantenha a temperatura entre 18\u00b0C e 20\u00b0C e escolha roupa de cama suave e confort\u00e1vel. Desligue os ecr\u00e3s pelo menos 30 minutos antes de dormir e experimente ler um livro ou praticar exerc\u00edcios de respira\u00e7\u00e3o para desacelerar a mente.<\/p>\n\n\n\n<p><strong>Dica:<\/strong> Procure manter um hor\u00e1rio constante para deitar e acordar. O corpo adora rotinas e ao habituar\u2011se a um ciclo regular de sono, vai acordar mais descansado e com menos dificuldade para se concentrar nas tarefas di\u00e1rias.<\/p>\n\n\n\n<p><strong>Sugest\u00e3o de leitura: <\/strong><a href=\"https:\/\/www.prevoir.pt\/bloguemomentus\/10-conselhos-para-dormir-melhor-e-cuidar-da-saude\/\" target=\"_blank\" rel=\"noreferrer noopener\">10 Conselhos para dormir melhor!<\/a><\/p>\n\n\n\n<p><\/p>\n\n\n\n<figure class=\"wp-block-image size-large\"><img decoding=\"async\" src=\"https:\/\/www.prevoir.pt\/bloguemomentus\/wp-content\/uploads\/2025\/07\/3_habitos-saudaveis-3-1024x550.jpg\" alt=\"\" class=\"wp-image-1441\"\/><\/figure>\n\n\n\n<h3 class=\"wp-block-heading\"><strong>3. Alimenta\u00e7\u00e3o equilibrada e muita hidrata\u00e7\u00e3o<\/strong><\/h3>\n\n\n\n<p>No ver\u00e3o, optar por uma <a href=\"https:\/\/www.prevoir.pt\/bloguemomentus\/descubra-qual-o-impacto-da-alimentacao-na-saude\/\" target=\"_blank\" rel=\"noreferrer noopener\">alimenta\u00e7\u00e3o saud\u00e1vel<\/a>, com <strong>refei\u00e7\u00f5es leves<\/strong>, mas cheias de cor e sabor, e <a href=\"https:\/\/www.prevoir.pt\/bloguemomentus\/como-hidratar-se-no-verao-descubra-alguns-dos-alimentos-que-o-vao-ajudar\/\" target=\"_blank\" rel=\"noreferrer noopener\">refor\u00e7ar a hidrata\u00e7\u00e3o<\/a> s\u00e3o dois h\u00e1bitos saud\u00e1veis fundamentais.<\/p>\n\n\n\n<ul class=\"wp-block-list\">\n<li>Em saladas, combine folhas verdes, legumes grelhados e uma fonte de prote\u00edna, como peixe fresco ou <a href=\"https:\/\/www.prevoir.pt\/bloguemomentus\/qual-o-papel-das-leguminosas-na-nossa-saude\/\" target=\"_blank\" rel=\"noreferrer noopener\">leguminosas<\/a> (gr\u00e3o\u2011de\u2011bico, lentilhas, feij\u00e3o).<\/li>\n\n\n\n<li>Aproveite as frutas da esta\u00e7\u00e3o, como melancia, p\u00eassego e anan\u00e1s, pois s\u00e3o \u00f3timas aliadas para um lanche nutritivo e refrescante.<\/li>\n\n\n\n<li>Tenha sempre consigo uma garrafa de \u00e1gua e beba entre 1,5 a 2 litros por dia. Se quiser variar, acrescente rodelas de lim\u00e3o ou hortel\u00e3 para dar mais sabor e frescura \u00e0 bebida.<\/li>\n\n\n\n<li>Evite refrigerantes e bebidas alco\u00f3licas. Para al\u00e9m do elevado teor cal\u00f3rico, podem desidratar o organismo.<\/li>\n<\/ul>\n\n\n\n<p><strong>Dica:<\/strong> Antes de sair de casa, planeie ter consigo alguns <strong>snacks saud\u00e1veis<\/strong> (frutos secos, fruta fresca, iogurte) e bebidas refrescantes.<\/p>\n\n\n\n<p><strong>Sugest\u00e3o de leitura: <\/strong><a href=\"https:\/\/www.prevoir.pt\/bloguemomentus\/10-dicas-para-comer-bem-durante-as-ferias-e-nao-comprometer-a-sua-saude\/\" target=\"_blank\" rel=\"noreferrer noopener\">10 Dicas para comer bem durante as f\u00e9rias!<\/a><\/p>\n\n\n\n<h3 class=\"wp-block-heading\"><strong>4. Bem\u2011estar mental e momentos de socializa\u00e7\u00e3o<\/strong><\/h3>\n\n\n\n<p>O bem-estar emocional faz parte dos h\u00e1bitos saud\u00e1veis e alimenta-se com momentos de pausa e partilha. Aproveite o ver\u00e3o para cuidar da sua <a href=\"https:\/\/www.prevoir.pt\/bloguemomentus\/a-importancia-da-saude-mental-no-dia-a-dia-dicas-para-o-equilibrio\/\" target=\"_blank\" rel=\"noreferrer noopener\">sa\u00fade mental<\/a> e refor\u00e7ar la\u00e7os com fam\u00edlia e amigos.<\/p>\n\n\n\n<p>Dedique alguns minutos do seu dia para <strong>meditar<\/strong> ou fazer pequenas pausas para refletir. N\u00e3o precisa de muito, apenas de 5 minutos num local tranquilo. Feche os olhos, concentre-se no fluxo da sua respira\u00e7\u00e3o ou escute o som dos p\u00e1ssaros. Estes minutos podem bastar para reduzir o <strong>stress<\/strong> e aumentar a clareza interior.<\/p>\n\n\n\n<p>Sempre que poss\u00edvel, celebre a companhia de quem mais ama e reforce v\u00ednculos sociais que aumentam a sua <strong>autoestima e motiva\u00e7\u00e3o<\/strong>. Convide amigos ou fam\u00edlia para um piquenique, organize uma caminhada na natureza ou desfrute do p\u00f4r-do-sol numa esplanada.<\/p>\n\n\n\n<p><strong>Dica:<\/strong> Reserve alguns minutos por dia para exerc\u00edcios de respira\u00e7\u00e3o ou uma caminhada sem telem\u00f3vel.<\/p>\n\n\n\n<h2 class=\"wp-block-heading\"><strong>Mantenha os h\u00e1bitos saud\u00e1veis durante todo o ano<\/strong><\/h2>\n\n\n\n<p>Para que os h\u00e1bitos saud\u00e1veis se tornem parte da sua rotina, procure variar as atividades ao longo da semana, alternando entre <strong>desportos na \u00e1gua<\/strong>,<strong> caminhadas na natureza<\/strong>, <strong>treinos de mobilidade<\/strong> ou <strong>Yoga<\/strong> ao ar livre.<\/p>\n\n\n\n<p>Caso n\u00e3o tenha o h\u00e1bito de praticar exerc\u00edcio f\u00edsico com regularidade, estabele\u00e7a metas realistas. Por exemplo, comece com quinze minutos de exerc\u00edcio por dia e aumente progressivamente. Registe o seu progresso numa aplica\u00e7\u00e3o de fitness ou num di\u00e1rio e anote as horas de sono e o seu estado de esp\u00edrito.<\/p>\n\n\n\n<p>Aproveite o contacto com a natureza e exponha-se ao sol, pelo menos, 15 a 20 minutos por dia, sem esquecer o uso de <a href=\"https:\/\/www.prevoir.pt\/bloguemomentus\/protecao-solar-saiba-como-aproveitar-os-seus-beneficios-sem-comprometer-a-sua-saude\/\" target=\"_blank\" rel=\"noreferrer noopener\">protetor solar<\/a>. Um curto passeio no jardim reduz o stress, melhora o humor e contribui para o equil\u00edbrio emocional.<\/p>\n\n\n\n<p><strong>Sugest\u00e3o de leitura:<\/strong> <a href=\"https:\/\/www.prevoir.pt\/bloguemomentus\/cuidados-de-saude-essenciais-mantenha-se-saudavel-e-protegido\/\" target=\"_blank\" rel=\"noreferrer noopener\">Cuidados de sa\u00fade para manter-se saud\u00e1vel e protegido<\/a><\/p>\n\n\n\n<h2 class=\"wp-block-heading\"><strong>Proteja-se com o PR\u00c9VOIR Solu\u00e7\u00e3o Total<\/strong><\/h2>\n\n\n\n<p>Adotar um estilo de vida ativo e saud\u00e1vel traz in\u00fameros <a href=\"https:\/\/www.prevoir.pt\/bloguemomentus\/conheca-as-principais-razoes-para-fazer-um-seguro-de-saude\/\" target=\"_blank\" rel=\"noreferrer noopener\">benef\u00edcios para a sa\u00fade<\/a> f\u00edsica, mental e emocional. No entanto, com a maior exposi\u00e7\u00e3o a atividades ao ar livre os <strong>imprevistos<\/strong> podem ocorrer a qualquer momento \u2013 uma <strong>queda<\/strong> ou um <strong>acidente de bicicleta ou trotinete<\/strong> podem trazer <strong>despesas inesperadas<\/strong>.<\/p>\n\n\n\n<p>Para que nenhum percal\u00e7o prejudique a sua <strong>estabilidade financeira<\/strong> e da sua fam\u00edlia, pondere a possibilidade de investir num <strong>seguro de vida<\/strong>. O <strong>PR\u00c9VOIR Solu\u00e7\u00e3o Total<\/strong> tem uma vers\u00e3o renovada com <strong>servi\u00e7os de assist\u00eancia e garantias<\/strong> ainda mais completas e \u00e0 medida das suas necessidades:<\/p>\n\n\n\n<ul class=\"wp-block-list\">\n<li>Seguro para todas as profiss\u00f5es;<\/li>\n\n\n\n<li>Capital Seguro de Vida no final do contrato;<\/li>\n\n\n\n<li>Capital<strong> Morte\/IAD<\/strong> extra:<ul><li>25.000\u20ac em caso de acidente;50.000\u20ac para <strong>acidentes de circula\u00e7\u00e3o<\/strong>.<\/li><\/ul><\/li>\n\n\n\n<li>Subs\u00eddio di\u00e1rio de <a href=\"https:\/\/www.prevoir.pt\/bloguemomentus\/como-fuciona-a-garantia-hospitalizacao-quais-os-principais-beneficios\/\" target=\"_blank\" rel=\"noreferrer noopener\">hospitaliza\u00e7\u00e3o<\/a> e convalescen\u00e7a por acidente ou <a href=\"https:\/\/www.prevoir.pt\/bloguemomentus\/doencas-graves-e-as-vantagens-de-ter-um-seguro\/\" target=\"_blank\" rel=\"noreferrer noopener\">doen\u00e7a<\/a>;<\/li>\n\n\n\n<li>Cobertura de acidentes de circula\u00e7\u00e3o, <strong>fraturas ou queimaduras<\/strong> at\u00e9 5.000\u20ac;<\/li>\n\n\n\n<li>Servi\u00e7os de assist\u00eancia (opcional):<ul><li>M\u00e9dico online e ao domic\u00edlio;<\/li><\/ul><ul><li>Aconselhamento m\u00e9dico por telefone;<\/li><\/ul><ul><li>Transporte de urg\u00eancia ou repatriamento;<\/li><\/ul>\n<ul class=\"wp-block-list\">\n<li>Fisioterapia.<\/li>\n<\/ul>\n<\/li>\n\n\n\n<li><strong>Ades\u00e3o simples e imediata, sem exames m\u00e9dicos<\/strong>.<\/li>\n<\/ul>\n\n\n\n<p>Com o PR\u00c9VOIR Solu\u00e7\u00e3o Total, pode praticar exerc\u00edcio f\u00edsico e cuidar do seu bem\u2011estar com a tranquilidade de saber que est\u00e1 protegido contra qualquer imprevisto.<\/p>\n\n\n\n<h2 class=\"wp-block-heading\"><strong>Reinicie h\u00e1bitos saud\u00e1veis com confian\u00e7a<\/strong><\/h2>\n\n\n\n<p>Aproveite o ver\u00e3o ao m\u00e1ximo e adote novos h\u00e1bitos saud\u00e1veis com confian\u00e7a, sabendo que tem ao seu lado uma solu\u00e7\u00e3o pensada para cuidar de si e dos seus. Com o <a href=\"https:\/\/www.prevoir.pt\/familia-prevoir-solucao-total\" target=\"_blank\" rel=\"noreferrer noopener\">PR\u00c9VOIR Solu\u00e7\u00e3o Total<\/a>, cada momento de exerc\u00edcio, descanso ou lazer \u00e9 partilhado com a seguran\u00e7a de quem est\u00e1 protegido contra os imprevistos do dia a dia. <a href=\"https:\/\/www.prevoir.pt\/familia-prevoir-solucao-total\" target=\"_blank\" rel=\"noreferrer noopener\">Visite o nosso site<\/a> e saiba mais sobre esta oferta.<\/p>\n\n\n\n<div class=\"wp-block-buttons is-content-justification-center is-layout-flex wp-container-core-buttons-is-layout-a89b3969 wp-block-buttons-is-layout-flex\">\n<div class=\"wp-block-button\"><a class=\"wp-block-button__link has-white-color has-text-color has-background has-link-color wp-element-button\" href=\"https:\/\/www.prevoir.pt\/familia-prevoir-solucao-total\" style=\"border-radius:4px;background-color:#c7114f\" target=\"_blank\" rel=\"noreferrer noopener\">CONHECER PR\u00c9VOIR SOLU\u00c7\u00c3O TOTAL<\/a><\/div>\n<\/div>\n\n\n\n<p><\/p>\n","protected":false},"excerpt":{"rendered":"<p>Aproveite o ver\u00e3o para adotar h\u00e1bitos saud\u00e1veis: exerc\u00edcio, sono e bem estar. Conte com o PR\u00c9VOIR Solu\u00e7\u00e3o Total para proteger os seus dias.<\/p>\n","protected":false},"author":1,"featured_media":1660,"comment_status":"closed","ping_status":"closed","sticky":false,"template":"","format":"standard","meta":{"footnotes":""},"categories":[7],"tags":[42],"class_list":["post-2305","post","type-post","status-publish","format-standard","has-post-thumbnail","hentry","category-saude","tag-habitos-saudaveis"],"_links":{"self":[{"href":"https:\/\/www.prevoir.pt\/bloguemomentus\/wp-json\/wp\/v2\/posts\/2305","targetHints":{"allow":["GET"]}}],"collection":[{"href":"https:\/\/www.prevoir.pt\/bloguemomentus\/wp-json\/wp\/v2\/posts"}],"about":[{"href":"https:\/\/www.prevoir.pt\/bloguemomentus\/wp-json\/wp\/v2\/types\/post"}],"author":[{"embeddable":true,"href":"https:\/\/www.prevoir.pt\/bloguemomentus\/wp-json\/wp\/v2\/users\/1"}],"replies":[{"embeddable":true,"href":"https:\/\/www.prevoir.pt\/bloguemomentus\/wp-json\/wp\/v2\/comments?post=2305"}],"version-history":[{"count":0,"href":"https:\/\/www.prevoir.pt\/bloguemomentus\/wp-json\/wp\/v2\/posts\/2305\/revisions"}],"wp:featuredmedia":[{"embeddable":true,"href":"https:\/\/www.prevoir.pt\/bloguemomentus\/wp-json\/wp\/v2\/media\/1660"}],"wp:attachment":[{"href":"https:\/\/www.prevoir.pt\/bloguemomentus\/wp-json\/wp\/v2\/media?parent=2305"}],"wp:term":[{"taxonomy":"category","embeddable":true,"href":"https:\/\/www.prevoir.pt\/bloguemomentus\/wp-json\/wp\/v2\/categories?post=2305"},{"taxonomy":"post_tag","embeddable":true,"href":"https:\/\/www.prevoir.pt\/bloguemomentus\/wp-json\/wp\/v2\/tags?post=2305"}],"curies":[{"name":"wp","href":"https:\/\/api.w.org\/{rel}","templated":true}]}}