{"id":894,"date":"2023-06-23T15:56:50","date_gmt":"2023-06-23T15:56:50","guid":{"rendered":"https:\/\/www.prevoir.pt\/bloguemomentus\/?p=894"},"modified":"2026-03-25T10:08:16","modified_gmt":"2026-03-25T10:08:16","slug":"seguros-de-vida-para-protecao-familiar-durante-as-ferias-de-verao","status":"publish","type":"post","link":"https:\/\/www.prevoir.pt\/bloguemomentus\/seguros-de-vida-para-protecao-familiar-durante-as-ferias-de-verao\/","title":{"rendered":"Seguros de vida para prote\u00e7\u00e3o durante as f\u00e9rias de ver\u00e3o"},"content":{"rendered":"\n<p>Com o in\u00edcio das f\u00e9rias escolares, todas as fam\u00edlias come\u00e7am a pensar nas t\u00e3o merecidas f\u00e9rias de ver\u00e3o. Praia ou campo, o destino fica ao crit\u00e9rio de cada um, mas a ansiedade por uns dias de descanso \u00e9 comum a todas as pessoas. Este \u00e9, tamb\u00e9m, o momento do ano em que h\u00e1 uma maior vontade &#8211; e at\u00e9 tempo \u2013 para <strong>experimentar novas aventuras e atividades<\/strong> que, durante o resto do ano, n\u00e3o se praticam. Desportos aqu\u00e1ticos, escalada, BTT ou outras atividades ao ar livre s\u00e3o apenas alguns dos exemplos da multiplicidade de op\u00e7\u00f5es existentes no ver\u00e3o. Mas, em cada um destes casos, nunca \u00e9 demais pensar a preven\u00e7\u00e3o! Os <strong>seguros de vida s\u00e3o um apoio muito eficiente para garantir que nada fica por fazer<\/strong>, para que nada coloque em risco a sua estrutura familiar e que tem, nos imprevistos, a rede de apoio necess\u00e1ria.&nbsp;<\/p>\n\n\n\n<h3 class=\"wp-block-heading\"><strong>As crian\u00e7as e os acidentes durante as f\u00e9rias<\/strong><\/h3>\n\n\n\n<p>Se os adultos est\u00e3o mais expostos a acidentes nesta \u00e9poca do ano, o que se dizer das crian\u00e7as? Com mais tempo livre, o risco de acidentes dom\u00e9sticos e de lazer nas faixas et\u00e1rias mais jovens aumenta consideravelmente. Apesar dos acidentes rodovi\u00e1rios ainda serem a causa principal do n\u00famero de mortes devido a acidentes em crian\u00e7as e jovens, os afogamentos, por exemplo, seguem-se na lista e os riscos s\u00e3o maiores no ver\u00e3o.<\/p>\n\n\n\n<h3 class=\"wp-block-heading\"><strong>Uma prote\u00e7\u00e3o completa para as f\u00e9rias de ver\u00e3o<\/strong><\/h3>\n\n\n\n<p>N\u00e3o s\u00f3 para este per\u00edodo do ano, mas transversal a todas as atividades do quotidiano, o<a rel=\"noreferrer noopener\" href=\"https:\/\/www.prevoir.pt\/familia-prevoir-solucao-total\" target=\"_blank\"> <strong>PR\u00c9VOIR Solu\u00e7\u00e3o Total<\/strong><\/a> \u00e9 um seguro que o deixa viver em pleno, sem receios do que possa surgir. No ver\u00e3o, as suas coberturas abrangentes, em <strong>acidentes ou doen\u00e7as<\/strong>, tornam-no numa excelente <strong>op\u00e7\u00e3o de seguro de vida,<\/strong> dando-lhe acesso \u00e0 prote\u00e7\u00e3o certa em todos os momentos. Para pessoas ativas, com vontade de experimentar novas atividades e desportos, o <a rel=\"noreferrer noopener\" href=\"https:\/\/www.prevoir.pt\/familia-prevoir-solucao-total\" target=\"_blank\">PR\u00c9VOIR Solu\u00e7\u00e3o Total<\/a> permite antever os riscos de um epis\u00f3dio inesperado, garantindo a estabilidade financeira para suportar despesas adicionais em caso de acidente ou doen\u00e7a, bem como o apoio monet\u00e1rio em caso de hospitaliza\u00e7\u00e3o.<\/p>\n\n\n\n<p>Adicionalmente, este seguro d\u00e1-lhe acesso \u00e0s garantias Morte e IAD, em caso de <strong>acidente de circula\u00e7\u00e3o<\/strong> &#8211; enquanto passageiro ou condutor &#8211; no transporte rodovi\u00e1rio e ferrovi\u00e1rio e como passageiro, em transporte a\u00e9reo ou mar\u00edtimo, o que num contexto de f\u00e9rias \u00e9 uma carater\u00edstica bastante relevante.<\/p>\n\n\n\n<p>Os <a href=\"https:\/\/www.prevoir.pt\/pesquisa-de-mediadores-prevoir\" target=\"_blank\" rel=\"noreferrer noopener\">nossos mediadores<\/a> poder\u00e3o ajud\u00e1-lo a entender a abrang\u00eancia das coberturas para estes contextos, bem como proteger todos os membros do agregado familiar.<\/p>\n\n\n\n<h3 class=\"wp-block-heading\"><strong>Por isso, n\u00e3o se esque\u00e7a&#8230;<\/strong><\/h3>\n\n\n\n<p>As f\u00e9rias de ver\u00e3o s\u00e3o momentos \u00fanicos para refor\u00e7ar la\u00e7os entre os v\u00e1rios membros da fam\u00edlia e criar mem\u00f3rias inesquec\u00edveis. No entanto, n\u00e3o d\u00ea nada por adquirido, pois o inesperado est\u00e1 ao virar da esquina! Previna-se com uma <strong>prote\u00e7\u00e3o flex\u00edvel e garanta que nada vai afetar o seu descanso<\/strong>! Estamos c\u00e1 para o ajudar e, se for o caso, boas f\u00e9rias \ud83d\ude42 <\/p>\n","protected":false},"excerpt":{"rendered":"<p>Se h\u00e1 momentos em que n\u00e3o queremos que nada afete o nosso bem-estar, \u00e9 nas f\u00e9rias! Um ano inteiro a pensar em tudo o que \u00e9 poss\u00edvel fazer nestes dias de descanso e, um imprevisto, pode tornar a experi\u00eancia menos positiva. Saiba como estar mais protegido no ver\u00e3o.<\/p>\n","protected":false},"author":2,"featured_media":1314,"comment_status":"closed","ping_status":"closed","sticky":false,"template":"","format":"standard","meta":{"footnotes":""},"categories":[1],"tags":[22],"class_list":["post-894","post","type-post","status-publish","format-standard","has-post-thumbnail","hentry","category-familia","tag-seguranca"],"_links":{"self":[{"href":"https:\/\/www.prevoir.pt\/bloguemomentus\/wp-json\/wp\/v2\/posts\/894","targetHints":{"allow":["GET"]}}],"collection":[{"href":"https:\/\/www.prevoir.pt\/bloguemomentus\/wp-json\/wp\/v2\/posts"}],"about":[{"href":"https:\/\/www.prevoir.pt\/bloguemomentus\/wp-json\/wp\/v2\/types\/post"}],"author":[{"embeddable":true,"href":"https:\/\/www.prevoir.pt\/bloguemomentus\/wp-json\/wp\/v2\/users\/2"}],"replies":[{"embeddable":true,"href":"https:\/\/www.prevoir.pt\/bloguemomentus\/wp-json\/wp\/v2\/comments?post=894"}],"version-history":[{"count":1,"href":"https:\/\/www.prevoir.pt\/bloguemomentus\/wp-json\/wp\/v2\/posts\/894\/revisions"}],"predecessor-version":[{"id":2516,"href":"https:\/\/www.prevoir.pt\/bloguemomentus\/wp-json\/wp\/v2\/posts\/894\/revisions\/2516"}],"wp:featuredmedia":[{"embeddable":true,"href":"https:\/\/www.prevoir.pt\/bloguemomentus\/wp-json\/wp\/v2\/media\/1314"}],"wp:attachment":[{"href":"https:\/\/www.prevoir.pt\/bloguemomentus\/wp-json\/wp\/v2\/media?parent=894"}],"wp:term":[{"taxonomy":"category","embeddable":true,"href":"https:\/\/www.prevoir.pt\/bloguemomentus\/wp-json\/wp\/v2\/categories?post=894"},{"taxonomy":"post_tag","embeddable":true,"href":"https:\/\/www.prevoir.pt\/bloguemomentus\/wp-json\/wp\/v2\/tags?post=894"}],"curies":[{"name":"wp","href":"https:\/\/api.w.org\/{rel}","templated":true}]}}